{"id":2032,"date":"2018-03-12T23:31:59","date_gmt":"2018-03-12T23:31:59","guid":{"rendered":"https:\/\/epilacorre.wordpress.com\/2018\/03\/12\/2032\/"},"modified":"2018-03-12T23:31:59","modified_gmt":"2018-03-12T23:31:59","slug":"2032","status":"publish","type":"post","link":"https:\/\/epilacorre.com\/index.php\/2018\/03\/12\/2032\/","title":{"rendered":"5k y 10k Cari\u00f1ena"},"content":{"rendered":"<h4>Este fin de semana se disput\u00f3 la 5k y 10k ciudad de Cari\u00f1ena, con una gran participaci\u00f3n (134 en la 5k, 123 en la 10k y cerca de 80 en las pruebas escolares)<\/h4>\n<h4><img fetchpriority=\"high\" decoding=\"async\" class=\"wp-image-2036 size-full\" src=\"https:\/\/epilacorre.files.wordpress.com\/2018\/03\/1402e2d6-3c88-4e74-b816-651af64cf54d.jpg\" width=\"1600\" height=\"1200\" \/><img decoding=\"async\" class=\"wp-image-2035 size-full\" src=\"https:\/\/epilacorre.files.wordpress.com\/2018\/03\/74e5ed7c-8357-4618-92e3-f39b387c59e9.jpg\" width=\"1024\" height=\"768\" \/><\/h4>\n<h4>Con una gran representaci\u00f3n de Epilacorre, a\u00fan que el d\u00eda y el circuito, no fueron propicios para realizar buenos tiempos.<\/h4>\n<h4><img decoding=\"async\" class=\"size-full wp-image-2039\" src=\"https:\/\/epilacorre.files.wordpress.com\/2018\/03\/41a922fb-0910-4fbf-9394-10496b42ebe1.jpg\" width=\"536\" height=\"768\" \/><\/h4>\n<h4>En la 10k, Iv\u00e1n Ruiz consigui\u00f3 una 4 posici\u00f3n en la general y 1 en su categor\u00eda<\/h4>\n<h4><img loading=\"lazy\" decoding=\"async\" class=\"size-full wp-image-2040\" src=\"https:\/\/epilacorre.files.wordpress.com\/2018\/03\/897b2efe-50cb-4c48-850a-c481b6d64898.jpg\" width=\"640\" height=\"950\" \/><\/h4>\n<h4>Jos\u00e9 Antonio Ripa 3 en su categor\u00eda<\/h4>\n<h4><img loading=\"lazy\" decoding=\"async\" class=\"size-full wp-image-2041\" src=\"https:\/\/epilacorre.files.wordpress.com\/2018\/03\/7bf48af0-1d13-4601-8af6-2e44c48c45cc.jpg\" width=\"854\" height=\"640\" \/><\/h4>\n<h4>Y la peque\u00f1a Martina Sobrevilla 2 en su categor\u00eda<\/h4>\n<h4><img loading=\"lazy\" decoding=\"async\" class=\"size-full wp-image-2038\" src=\"https:\/\/epilacorre.files.wordpress.com\/2018\/03\/0bed19cd-5e43-4971-9f2e-7feb7fc5f512.jpg\" width=\"1200\" height=\"1600\" \/><\/h4>\n<h4>Muy contentos y orgullosos, con nuestra participaci\u00f3n en Cari\u00f1ena a todos los niveles ( m\u00e1s a\u00fan con la participaci\u00f3n en las pruebas escolares)<\/h4>\n<h4><img loading=\"lazy\" decoding=\"async\" class=\"size-full wp-image-2042\" src=\"https:\/\/epilacorre.files.wordpress.com\/2018\/03\/0854e08a-5a8f-44cc-a629-abd70c8ec2b2.jpg\" width=\"1328\" height=\"747\" \/><\/h4>\n<h4>Tambi\u00e9n tuvimos representaci\u00f3n en la Trail de Daroca con Jos\u00e9 Manuel Azuara<\/h4>\n<h4>Y como ya casi es habitual, nos acompa\u00f1o Javi Sola, con sus estupendas fotos.<\/h4>\n<h4>Much\u00edsimas gracias Javi.<\/h4>\n<h4><span style=\"color:#0000ff;\"><a style=\"color:#0000ff;\" href=\"https:\/\/drive.google.com\/drive\/folders\/1zjBWGTPsuLiqjQAq48oOEJ7iMepwXc7n?usp=sharing\">Fotos Javi Sola 5k y 10k Cari\u00f1ena<\/a><\/span><\/h4>\n","protected":false},"excerpt":{"rendered":"<p>Este fin de semana se disput\u00f3 la 5k y 10k ciudad de Cari\u00f1ena, con una gran participaci\u00f3n (134 en la 5k, 123 en la 10k y cerca de 80 en&hellip;<\/p>\n","protected":false},"author":2,"featured_media":2044,"comment_status":"open","ping_status":"open","sticky":false,"template":"","format":"standard","meta":{"footnotes":""},"categories":[4],"tags":[],"class_list":["post-2032","post","type-post","status-publish","format-standard","has-post-thumbnail","hentry","category-uncategorized"],"_links":{"self":[{"href":"https:\/\/epilacorre.com\/index.php\/wp-json\/wp\/v2\/posts\/2032","targetHints":{"allow":["GET"]}}],"collection":[{"href":"https:\/\/epilacorre.com\/index.php\/wp-json\/wp\/v2\/posts"}],"about":[{"href":"https:\/\/epilacorre.com\/index.php\/wp-json\/wp\/v2\/types\/post"}],"author":[{"embeddable":true,"href":"https:\/\/epilacorre.com\/index.php\/wp-json\/wp\/v2\/users\/2"}],"replies":[{"embeddable":true,"href":"https:\/\/epilacorre.com\/index.php\/wp-json\/wp\/v2\/comments?post=2032"}],"version-history":[{"count":0,"href":"https:\/\/epilacorre.com\/index.php\/wp-json\/wp\/v2\/posts\/2032\/revisions"}],"wp:featuredmedia":[{"embeddable":true,"href":"https:\/\/epilacorre.com\/index.php\/wp-json\/"}],"wp:attachment":[{"href":"https:\/\/epilacorre.com\/index.php\/wp-json\/wp\/v2\/media?parent=2032"}],"wp:term":[{"taxonomy":"category","embeddable":true,"href":"https:\/\/epilacorre.com\/index.php\/wp-json\/wp\/v2\/categories?post=2032"},{"taxonomy":"post_tag","embeddable":true,"href":"https:\/\/epilacorre.com\/index.php\/wp-json\/wp\/v2\/tags?post=2032"}],"curies":[{"name":"wp","href":"https:\/\/api.w.org\/{rel}","templated":true}]}}