{"id":2070,"date":"2018-03-25T19:23:23","date_gmt":"2018-03-25T19:23:23","guid":{"rendered":"https:\/\/epilacorre.wordpress.com\/2018\/03\/25\/iaaf-trinidad-alfonso-campeonato-del-mundo-de-media-maraton-valencia-2018\/"},"modified":"2018-03-25T19:23:23","modified_gmt":"2018-03-25T19:23:23","slug":"iaaf-trinidad-alfonso-campeonato-del-mundo-de-media-maraton-valencia-2018","status":"publish","type":"post","link":"https:\/\/epilacorre.com\/index.php\/2018\/03\/25\/iaaf-trinidad-alfonso-campeonato-del-mundo-de-media-maraton-valencia-2018\/","title":{"rendered":"IAAF\/ Trinidad Alfonso Campeonato del Mundo de Media Marat\u00f3n Valencia 2018"},"content":{"rendered":"<p>Este s\u00e1bado de disput\u00f3 el IAAF\/ Trinidad Alfonso Campeonato del Mundo de Media Marat\u00f3n Valencia 2018. Pol\u00e9mico por la \u201ccagada\u201d de la RFEA quitando a \u00faltima hora a Carles Castillejo y Marta Galimany, m\u00e1s a\u00fan despu\u00e9s de los tiempos de estos dos atletas (todo un \u201cZasca\u201d a la RFEA)<\/p>\n<p><img fetchpriority=\"high\" decoding=\"async\" src=\"https:\/\/epilacorre.files.wordpress.com\/2018\/03\/img_2456.jpg\" class=\"size-full wp-image-2065\" height=\"675\" width=\"1200\"\/><\/p>\n<p>Pues all\u00ed que nos fuimos dos de Epilacorre: Iv\u00e1n Ruiz (1h19) y yo (1h 28 mmp Frank Lorente), <img decoding=\"async\" src=\"https:\/\/epilacorre.files.wordpress.com\/2018\/03\/c31831b0-c7c7-487d-af1a-7d3a1b7513a5.jpg\" class=\"wp-image-2067 size-full\" height=\"1600\" width=\"1200\"\/>rodeados de 20 amigos de la Escuela Rusa (voy de carabina, para que no nos quiten a Ivan\ud83e\udd23)<\/p>\n<p><img decoding=\"async\" src=\"https:\/\/epilacorre.files.wordpress.com\/2018\/03\/ec43700b-5c87-4faf-91b3-fd978c404b9f.jpg\" class=\"size-full wp-image-2066\" height=\"1200\" width=\"1600\"\/><\/p>\n<p>Cuando dicen que Valencia es \u201cla ciudad del running\u201c se quedan cortos, impresionante la gente como lo vive, anima (miran tu nombre en el dorsal, para animarte por tu nombre)<\/p>\n<p>En los 21k no hay un metro sin publico, m\u00fasica, batucadas, disfraces y una legi\u00f3n de voluntarios, que hacen que te vengas arriba, para continuar con m\u00e1s fuerza y ritmo.<\/p>\n<p><img loading=\"lazy\" decoding=\"async\" src=\"https:\/\/epilacorre.files.wordpress.com\/2018\/03\/38dc373c-294f-43f7-ba52-a33da56cbbb6.jpg\" class=\"wp-image-2068 size-full\" height=\"2096\" width=\"3724\"\/><\/p>\n<p>El d\u00eda sali\u00f3 con mucho aire (nosotros \u00edbamos entrenados de aqu\u00ed \ud83d\udca8\ud83c\udfc3\ud83c\udffb\u200d\u2642\ufe0f) nos llovi\u00f3 dos veces y el aire nos sec\u00f3 otras dos, la gran<\/p>\n<p>cantidad de corredores (15000) hac\u00eda dif\u00edcil correr con normalidad, por lo que trunc\u00f3 las ilusiones de bajar la m.m.p, que algunos con tanto esfuerzo y dedicaci\u00f3n hab\u00edan entrenado.<\/p>\n<p><img loading=\"lazy\" decoding=\"async\" src=\"https:\/\/epilacorre.files.wordpress.com\/2018\/03\/fdc866cf-b31f-469d-84c3-fd14f6ef35a1-1.jpg\" class=\"size-full wp-image-2073\" height=\"854\" width=\"640\"\/><\/p>\n<p>A\u00fan as\u00ed, solo por vivir la experiencia, disfrutar la carrera con amigos y el finde con la familia, merece la pena (si encima haces m.m.p. como es mi caso ya lo flipas \ud83d\ude0e)<\/p>\n<p>!!! ENHORABUENA A TODOS LOS PARTICIPANTES!!<\/p>\n<p><img loading=\"lazy\" decoding=\"async\" src=\"https:\/\/epilacorre.files.wordpress.com\/2018\/03\/6ca0b746-72b5-47aa-b818-bae65d1b82bd.jpg\" class=\"size-full wp-image-2074\" height=\"1200\" width=\"1600\"\/><\/p>\n<p>Ahora a preparar las 10k y nos vemos gastando zapatilla \ud83d\udc4b<\/p>\n","protected":false},"excerpt":{"rendered":"<p>Este s\u00e1bado de disput\u00f3 el IAAF\/ Trinidad Alfonso Campeonato del Mundo de Media Marat\u00f3n Valencia 2018. Pol\u00e9mico por la \u201ccagada\u201d de la RFEA quitando a \u00faltima hora a Carles Castillejo&hellip;<\/p>\n","protected":false},"author":2,"featured_media":2071,"comment_status":"open","ping_status":"open","sticky":false,"template":"","format":"standard","meta":{"footnotes":""},"categories":[4],"tags":[],"class_list":["post-2070","post","type-post","status-publish","format-standard","has-post-thumbnail","hentry","category-uncategorized"],"_links":{"self":[{"href":"https:\/\/epilacorre.com\/index.php\/wp-json\/wp\/v2\/posts\/2070","targetHints":{"allow":["GET"]}}],"collection":[{"href":"https:\/\/epilacorre.com\/index.php\/wp-json\/wp\/v2\/posts"}],"about":[{"href":"https:\/\/epilacorre.com\/index.php\/wp-json\/wp\/v2\/types\/post"}],"author":[{"embeddable":true,"href":"https:\/\/epilacorre.com\/index.php\/wp-json\/wp\/v2\/users\/2"}],"replies":[{"embeddable":true,"href":"https:\/\/epilacorre.com\/index.php\/wp-json\/wp\/v2\/comments?post=2070"}],"version-history":[{"count":0,"href":"https:\/\/epilacorre.com\/index.php\/wp-json\/wp\/v2\/posts\/2070\/revisions"}],"wp:featuredmedia":[{"embeddable":true,"href":"https:\/\/epilacorre.com\/index.php\/wp-json\/"}],"wp:attachment":[{"href":"https:\/\/epilacorre.com\/index.php\/wp-json\/wp\/v2\/media?parent=2070"}],"wp:term":[{"taxonomy":"category","embeddable":true,"href":"https:\/\/epilacorre.com\/index.php\/wp-json\/wp\/v2\/categories?post=2070"},{"taxonomy":"post_tag","embeddable":true,"href":"https:\/\/epilacorre.com\/index.php\/wp-json\/wp\/v2\/tags?post=2070"}],"curies":[{"name":"wp","href":"https:\/\/api.w.org\/{rel}","templated":true}]}}