{"id":2317,"date":"2018-11-14T07:15:07","date_gmt":"2018-11-14T07:15:07","guid":{"rendered":"http:\/\/epilacorre.com\/?p=2317"},"modified":"2018-12-02T11:55:52","modified_gmt":"2018-12-02T11:55:52","slug":"ii-trail-villa-de-epila","status":"publish","type":"post","link":"https:\/\/epilacorre.com\/index.php\/2018\/11\/14\/ii-trail-villa-de-epila\/","title":{"rendered":"II Trail villa de \u00c9pila"},"content":{"rendered":"<h4>Que mejor forma de retomar las cr\u00f3nicas y estrenar la nueva web, que con nuestra Trail villa de \u00c9pila. Entre que entrenamos un poco m\u00e1s y todo el curro que lleva preparar una prueba deportiva de este tipo, (con una estupenda ayuda de mis compa\u00f1eros) ten\u00edamos un poco abandona la web. Incluso se nos hab\u00eda olvidado el presentarla como se merece. Adem\u00e1s de estrenar dominio \u201c<a href=\"https:\/\/epilacorre.com\/\">epilacorre.com<\/a>\u201d (ya no salen anuncios no deseados) da mejor imagen y servicio a todos. Pudiendo incluir acceso a pruebas deportivas, alojamiento, etc.<\/h4>\n<p><img fetchpriority=\"high\" decoding=\"async\" class=\"alignnone wp-image-2350\" src=\"https:\/\/epilacorre.com\/wp-content\/uploads\/2018\/11\/2018-11-12-1-1-300x140.png\" alt=\"\" width=\"810\" height=\"378\" srcset=\"https:\/\/epilacorre.com\/wp-content\/uploads\/2018\/11\/2018-11-12-1-1-300x140.png 300w, https:\/\/epilacorre.com\/wp-content\/uploads\/2018\/11\/2018-11-12-1-1-768x358.png 768w, https:\/\/epilacorre.com\/wp-content\/uploads\/2018\/11\/2018-11-12-1-1-1024x477.png 1024w, https:\/\/epilacorre.com\/wp-content\/uploads\/2018\/11\/2018-11-12-1-1-830x387.png 830w, https:\/\/epilacorre.com\/wp-content\/uploads\/2018\/11\/2018-11-12-1-1-230x107.png 230w, https:\/\/epilacorre.com\/wp-content\/uploads\/2018\/11\/2018-11-12-1-1-350x163.png 350w, https:\/\/epilacorre.com\/wp-content\/uploads\/2018\/11\/2018-11-12-1-1-480x224.png 480w, https:\/\/epilacorre.com\/wp-content\/uploads\/2018\/11\/2018-11-12-1-1.png 1337w\" sizes=\"(max-width: 810px) 100vw, 810px\" \/><\/p>\n<h4>Pero al lio. Por segundo a\u00f1o consecutivo organizamos conjuntamente con el Ayuntamiento de \u00c9pila, la \u201cII Trail villa de \u00c9pila\u201d. Una prueba muy especial para nosotros, ya que la hemos parido nosotros. Prueba que hemos podido realizar gracias al apoyo incondicional del Ayuntamiento de \u00c9pila, a los patrocinadores, colaboradores y voluntarios. Estos \u00faltimos muy importantes para la seguridad, organizaci\u00f3n y buena finalidad de la prueba.<\/h4>\n<p><img decoding=\"async\" class=\"alignnone wp-image-2354\" src=\"https:\/\/epilacorre.com\/wp-content\/uploads\/2018\/11\/Cartel-1-300x231.jpg\" alt=\"\" width=\"812\" height=\"625\" srcset=\"https:\/\/epilacorre.com\/wp-content\/uploads\/2018\/11\/Cartel-1-300x231.jpg 300w, https:\/\/epilacorre.com\/wp-content\/uploads\/2018\/11\/Cartel-1-768x591.jpg 768w, https:\/\/epilacorre.com\/wp-content\/uploads\/2018\/11\/Cartel-1-1024x787.jpg 1024w, https:\/\/epilacorre.com\/wp-content\/uploads\/2018\/11\/Cartel-1-830x638.jpg 830w, https:\/\/epilacorre.com\/wp-content\/uploads\/2018\/11\/Cartel-1-230x177.jpg 230w, https:\/\/epilacorre.com\/wp-content\/uploads\/2018\/11\/Cartel-1-350x269.jpg 350w, https:\/\/epilacorre.com\/wp-content\/uploads\/2018\/11\/Cartel-1-480x369.jpg 480w, https:\/\/epilacorre.com\/wp-content\/uploads\/2018\/11\/Cartel-1.jpg 1199w\" sizes=\"(max-width: 812px) 100vw, 812px\" \/><\/p>\n<h4>Antes de empezar con la cr\u00f3nica de la carrera, me gustar\u00eda enumerar a todos patrocinadores y colaboradores, agradeci\u00e9ndoles de todo coraz\u00f3n su apoyo, cada uno como ha podido, dentro de sus posibilidades o a querido.<\/h4>\n<p><img decoding=\"async\" class=\"size-full wp-image-2320\" src=\"https:\/\/epilacorre.com\/wp-content\/uploads\/2018\/11\/img_3077.jpg\" width=\"3621\" height=\"2275\" srcset=\"https:\/\/epilacorre.com\/wp-content\/uploads\/2018\/11\/img_3077.jpg 3621w, https:\/\/epilacorre.com\/wp-content\/uploads\/2018\/11\/img_3077-300x188.jpg 300w, https:\/\/epilacorre.com\/wp-content\/uploads\/2018\/11\/img_3077-768x483.jpg 768w, https:\/\/epilacorre.com\/wp-content\/uploads\/2018\/11\/img_3077-1024x643.jpg 1024w, https:\/\/epilacorre.com\/wp-content\/uploads\/2018\/11\/img_3077-830x521.jpg 830w, https:\/\/epilacorre.com\/wp-content\/uploads\/2018\/11\/img_3077-230x145.jpg 230w, https:\/\/epilacorre.com\/wp-content\/uploads\/2018\/11\/img_3077-350x220.jpg 350w, https:\/\/epilacorre.com\/wp-content\/uploads\/2018\/11\/img_3077-480x302.jpg 480w\" sizes=\"(max-width: 3621px) 100vw, 3621px\" \/><\/p>\n<h4>Gracias a nuestros patrocinadores:<\/h4>\n<h4>InmoBoss, Multicentro Latorre, Catalana Occidente de \u00c9pila, Banco Santander de \u00c9pila, La Caixa de \u00c9pila, Luna Lunera &amp; Segontina, Asociaci\u00f3n de Vecinos \u00c9pila, Talleres Calder\u00f3n, Metal \u00c9pila, Grupo Logi, Graficas Anad\u00f3n, Carburantes E.S. \u00c9pila, Cooperativa San Pedro Arbues, Restaurante Don Quijote, Restaurante Las Piscinas y Comarca de Valdejal\u00f3n.<\/h4>\n<h4>Gracias a nuestro colaboradores:<\/h4>\n<h4>DJ Sara Cortes, Quiromasajista Enrique Serrano, Panader\u00eda Valero, Bar Vanguard, C\u00e1rnicas Lifara, Restaurante Do\u00f1a Manuela, Carnicer\u00eda Murillo, Panader\u00eda Barranco, Ferreter\u00eda \u00c9pila, Bar Raku 33, Serendipity, Frutas Miguel P\u00e9rez, Frutas Roncal Lana, Peluquer\u00eda Canina Azahara, Peluquer\u00eda Marta, Zapater\u00eda Isabel Roy<\/h4>\n<p><img loading=\"lazy\" decoding=\"async\" class=\"size-full wp-image-2321\" src=\"https:\/\/epilacorre.com\/wp-content\/uploads\/2018\/11\/img_3098.png\" width=\"1136\" height=\"640\" srcset=\"https:\/\/epilacorre.com\/wp-content\/uploads\/2018\/11\/img_3098.png 1136w, https:\/\/epilacorre.com\/wp-content\/uploads\/2018\/11\/img_3098-300x169.png 300w, https:\/\/epilacorre.com\/wp-content\/uploads\/2018\/11\/img_3098-768x433.png 768w, https:\/\/epilacorre.com\/wp-content\/uploads\/2018\/11\/img_3098-1024x577.png 1024w, https:\/\/epilacorre.com\/wp-content\/uploads\/2018\/11\/img_3098-830x468.png 830w, https:\/\/epilacorre.com\/wp-content\/uploads\/2018\/11\/img_3098-230x130.png 230w, https:\/\/epilacorre.com\/wp-content\/uploads\/2018\/11\/img_3098-350x197.png 350w, https:\/\/epilacorre.com\/wp-content\/uploads\/2018\/11\/img_3098-480x270.png 480w\" sizes=\"(max-width: 1136px) 100vw, 1136px\" \/><\/p>\n<h4>El d\u00eda sali\u00f3 espectacular, algo fresco al principio, pero poco a poco, el sol fue calentando una estupenda ma\u00f1ana. Con 115 corredores inscritos, 76 andarines y 54 participantes en las pruebas escolares, ten\u00edendo una muy satisfactoria participaci\u00f3n. La cual al principio pensamos ser\u00eda algo escasa (por el puente de todos Santos y las pocas inscripciones iniciales). Llegando a meta 97 corredores y 71 andarines. Desbord\u00e1ndonos en participaci\u00f3n las pruebas escolares, teniendo que cerrar inscripciones en 54 participantes. Todo un orgullo para nosotros, la demanda de tantos escolares.<\/h4>\n<figure id=\"attachment_2328\" aria-describedby=\"caption-attachment-2328\" style=\"width: 803px\" class=\"wp-caption alignnone\"><img loading=\"lazy\" decoding=\"async\" class=\"wp-image-2328\" src=\"https:\/\/epilacorre.com\/wp-content\/uploads\/2018\/11\/dscn4820-resolucion-de-escritorio.jpg\" alt=\"\" width=\"803\" height=\"543\" srcset=\"https:\/\/epilacorre.com\/wp-content\/uploads\/2018\/11\/dscn4820-resolucion-de-escritorio.jpg 510w, https:\/\/epilacorre.com\/wp-content\/uploads\/2018\/11\/dscn4820-resolucion-de-escritorio-300x203.jpg 300w, https:\/\/epilacorre.com\/wp-content\/uploads\/2018\/11\/dscn4820-resolucion-de-escritorio-230x156.jpg 230w, https:\/\/epilacorre.com\/wp-content\/uploads\/2018\/11\/dscn4820-resolucion-de-escritorio-350x237.jpg 350w, https:\/\/epilacorre.com\/wp-content\/uploads\/2018\/11\/dscn4820-resolucion-de-escritorio-480x325.jpg 480w\" sizes=\"(max-width: 803px) 100vw, 803px\" \/><figcaption id=\"caption-attachment-2328\" class=\"wp-caption-text\">Salida &#8220;a fuego&#8221; de los corredores de cabeza<\/figcaption><\/figure>\n<h4>La carrera arranco un poco fuerte, muchos dej\u00e1ndose llevar por los ritmos de los corredores de gran calidad que encabezaban la prueba.<\/h4>\n<figure id=\"attachment_2330\" aria-describedby=\"caption-attachment-2330\" style=\"width: 817px\" class=\"wp-caption alignnone\"><img loading=\"lazy\" decoding=\"async\" class=\"wp-image-2330\" src=\"https:\/\/epilacorre.com\/wp-content\/uploads\/2018\/11\/dsc2347.jpg\" alt=\"\" width=\"817\" height=\"583\" srcset=\"https:\/\/epilacorre.com\/wp-content\/uploads\/2018\/11\/dsc2347.jpg 555w, https:\/\/epilacorre.com\/wp-content\/uploads\/2018\/11\/dsc2347-300x214.jpg 300w, https:\/\/epilacorre.com\/wp-content\/uploads\/2018\/11\/dsc2347-230x164.jpg 230w, https:\/\/epilacorre.com\/wp-content\/uploads\/2018\/11\/dsc2347-350x250.jpg 350w, https:\/\/epilacorre.com\/wp-content\/uploads\/2018\/11\/dsc2347-480x342.jpg 480w\" sizes=\"(max-width: 817px) 100vw, 817px\" \/><figcaption id=\"caption-attachment-2330\" class=\"wp-caption-text\">Denis y To\u00f1o empiezan a dar muestra de su gran calidad, seguidos de Ivan<\/figcaption><\/figure>\n<h4>En el 1,5km (la rampa Trail) ya se empezaron a distanciar Denis Lorda y To\u00f1o Muro, seguidos a unos 200mts, de un peque\u00f1o grupo encabezado por Iv\u00e1n Ruiz, Salvador Martin, To\u00f1o Urbano, V\u00edctor Rom\u00e1n, Manuel Yago, Paulino Gonz\u00e1lez y Pablo Alcaire, con lo que se pod\u00eda intuir que entre ellos estar\u00edan los ganadores.<\/h4>\n<figure id=\"attachment_2329\" aria-describedby=\"caption-attachment-2329\" style=\"width: 911px\" class=\"wp-caption alignnone\"><img loading=\"lazy\" decoding=\"async\" class=\"size-full wp-image-2329\" src=\"https:\/\/epilacorre.com\/wp-content\/uploads\/2018\/11\/dsc2349.jpg\" alt=\"\" width=\"911\" height=\"608\" srcset=\"https:\/\/epilacorre.com\/wp-content\/uploads\/2018\/11\/dsc2349.jpg 911w, https:\/\/epilacorre.com\/wp-content\/uploads\/2018\/11\/dsc2349-300x200.jpg 300w, https:\/\/epilacorre.com\/wp-content\/uploads\/2018\/11\/dsc2349-768x513.jpg 768w, https:\/\/epilacorre.com\/wp-content\/uploads\/2018\/11\/dsc2349-830x554.jpg 830w, https:\/\/epilacorre.com\/wp-content\/uploads\/2018\/11\/dsc2349-230x154.jpg 230w, https:\/\/epilacorre.com\/wp-content\/uploads\/2018\/11\/dsc2349-350x234.jpg 350w, https:\/\/epilacorre.com\/wp-content\/uploads\/2018\/11\/dsc2349-480x320.jpg 480w\" sizes=\"(max-width: 911px) 100vw, 911px\" \/><figcaption id=\"caption-attachment-2329\" class=\"wp-caption-text\">Impresionante la calidad de estos dos corredores en tan solo 1500mts de ascenso.<\/figcaption><\/figure>\n<h4>El ascenso a las Hermanicas y premio especial del jam\u00f3n, al corredor&nbsp; Masculino y corredora Femenino<\/h4>\n<p><img loading=\"lazy\" decoding=\"async\" class=\"wp-image-2331\" src=\"https:\/\/epilacorre.com\/wp-content\/uploads\/2018\/11\/img_3111.jpg\" width=\"800\" height=\"1057\" srcset=\"https:\/\/epilacorre.com\/wp-content\/uploads\/2018\/11\/img_3111.jpg 632w, https:\/\/epilacorre.com\/wp-content\/uploads\/2018\/11\/img_3111-227x300.jpg 227w, https:\/\/epilacorre.com\/wp-content\/uploads\/2018\/11\/img_3111-230x304.jpg 230w, https:\/\/epilacorre.com\/wp-content\/uploads\/2018\/11\/img_3111-350x462.jpg 350w, https:\/\/epilacorre.com\/wp-content\/uploads\/2018\/11\/img_3111-480x634.jpg 480w\" sizes=\"(max-width: 800px) 100vw, 800px\" \/><\/p>\n<h4>Fue para Denis Lorda realizando (calculamos que recorri\u00f3 los 5300mts de ascenso en menos de 20\u00b4) llegando 15\u201d por delante de To\u00f1o Muro, la ganadora&nbsp; femenina fue Mar\u00eda Pardo. (unos 6&#8242; m\u00e1s)<\/h4>\n<figure id=\"attachment_2332\" aria-describedby=\"caption-attachment-2332\" style=\"width: 833px\" class=\"wp-caption alignnone\"><img loading=\"lazy\" decoding=\"async\" class=\"size-full wp-image-2332\" src=\"https:\/\/epilacorre.com\/wp-content\/uploads\/2018\/11\/img_3112.jpg\" alt=\"\" width=\"833\" height=\"590\" srcset=\"https:\/\/epilacorre.com\/wp-content\/uploads\/2018\/11\/img_3112.jpg 833w, https:\/\/epilacorre.com\/wp-content\/uploads\/2018\/11\/img_3112-300x212.jpg 300w, https:\/\/epilacorre.com\/wp-content\/uploads\/2018\/11\/img_3112-768x544.jpg 768w, https:\/\/epilacorre.com\/wp-content\/uploads\/2018\/11\/img_3112-830x588.jpg 830w, https:\/\/epilacorre.com\/wp-content\/uploads\/2018\/11\/img_3112-230x163.jpg 230w, https:\/\/epilacorre.com\/wp-content\/uploads\/2018\/11\/img_3112-350x248.jpg 350w, https:\/\/epilacorre.com\/wp-content\/uploads\/2018\/11\/img_3112-480x340.jpg 480w\" sizes=\"(max-width: 833px) 100vw, 833px\" \/><figcaption id=\"caption-attachment-2332\" class=\"wp-caption-text\">Denis Lorda y Maria Pardo con el premio de Carnicer\u00eda Murillo ascenso las Hermanicas<\/figcaption><\/figure>\n<h4>En la bajada, To\u00f1o Muro adelanto &nbsp;a Denis Lorda, quedando en 1\u00aa posici\u00f3n To\u00f1o Muro, con un tiempo de 41\u00b442\u201d ,bajando el tiempo impuesto en la anterior edici\u00f3n por Pakito (Pablo Romero 43\u00b423\u201d)<\/h4>\n<figure id=\"attachment_2333\" aria-describedby=\"caption-attachment-2333\" style=\"width: 3702px\" class=\"wp-caption alignnone\"><img loading=\"lazy\" decoding=\"async\" class=\"size-full wp-image-2333\" src=\"https:\/\/epilacorre.com\/wp-content\/uploads\/2018\/11\/dsc3060.jpg\" alt=\"\" width=\"3702\" height=\"2472\" srcset=\"https:\/\/epilacorre.com\/wp-content\/uploads\/2018\/11\/dsc3060.jpg 3702w, https:\/\/epilacorre.com\/wp-content\/uploads\/2018\/11\/dsc3060-300x200.jpg 300w, https:\/\/epilacorre.com\/wp-content\/uploads\/2018\/11\/dsc3060-768x513.jpg 768w, https:\/\/epilacorre.com\/wp-content\/uploads\/2018\/11\/dsc3060-1024x684.jpg 1024w, https:\/\/epilacorre.com\/wp-content\/uploads\/2018\/11\/dsc3060-830x554.jpg 830w, https:\/\/epilacorre.com\/wp-content\/uploads\/2018\/11\/dsc3060-230x154.jpg 230w, https:\/\/epilacorre.com\/wp-content\/uploads\/2018\/11\/dsc3060-350x234.jpg 350w, https:\/\/epilacorre.com\/wp-content\/uploads\/2018\/11\/dsc3060-480x321.jpg 480w\" sizes=\"(max-width: 3702px) 100vw, 3702px\" \/><figcaption id=\"caption-attachment-2333\" class=\"wp-caption-text\">Jose Antonio Muro &#8220;volando&#8221; literalmente hacia el triunfo<\/figcaption><\/figure>\n<h4>En 2\u00ba posici\u00f3n Denis Lorda con otro tiempazo de 42\u00b404\u201d y en 3\u00aa posici\u00f3n Iv\u00e1n Ruiz con 43\u00b451\u201d, un tercer puesto que para todos nosotros sabe a un gran triunfo del corredor de Epilacorre.<\/h4>\n<figure id=\"attachment_2343\" aria-describedby=\"caption-attachment-2343\" style=\"width: 2043px\" class=\"wp-caption alignnone\"><img loading=\"lazy\" decoding=\"async\" class=\"size-full wp-image-2343\" src=\"https:\/\/epilacorre.com\/wp-content\/uploads\/2018\/11\/dsc3382-2.jpg\" alt=\"\" width=\"2043\" height=\"3059\" srcset=\"https:\/\/epilacorre.com\/wp-content\/uploads\/2018\/11\/dsc3382-2.jpg 2043w, https:\/\/epilacorre.com\/wp-content\/uploads\/2018\/11\/dsc3382-2-200x300.jpg 200w, https:\/\/epilacorre.com\/wp-content\/uploads\/2018\/11\/dsc3382-2-768x1150.jpg 768w, https:\/\/epilacorre.com\/wp-content\/uploads\/2018\/11\/dsc3382-2-684x1024.jpg 684w, https:\/\/epilacorre.com\/wp-content\/uploads\/2018\/11\/dsc3382-2-830x1243.jpg 830w, https:\/\/epilacorre.com\/wp-content\/uploads\/2018\/11\/dsc3382-2-230x344.jpg 230w, https:\/\/epilacorre.com\/wp-content\/uploads\/2018\/11\/dsc3382-2-350x524.jpg 350w, https:\/\/epilacorre.com\/wp-content\/uploads\/2018\/11\/dsc3382-2-480x719.jpg 480w\" sizes=\"(max-width: 2043px) 100vw, 2043px\" \/><figcaption id=\"caption-attachment-2343\" class=\"wp-caption-text\">Los ganadores masculinos de la II Trail villa de \u00c9pila. To\u00f1o Muro, Denis Lorda e Ivan Ruiz. Muy GRANDES los tres<\/figcaption><\/figure>\n<h4>En categor\u00eda femenina termino en 1\u00aa posici\u00f3n, Mar\u00eda Pardo con un tiempo de 54\u00b406\u201d, en 2\u00aa posici\u00f3n, Beatriz Rodrigo con 59\u00b441\u201d y en 3\u00aa posici\u00f3n, Salome Franco con 1h 00\u00b430\u201d<\/h4>\n<figure id=\"attachment_2344\" aria-describedby=\"caption-attachment-2344\" style=\"width: 2004px\" class=\"wp-caption alignnone\"><img loading=\"lazy\" decoding=\"async\" class=\"size-full wp-image-2344\" src=\"https:\/\/epilacorre.com\/wp-content\/uploads\/2018\/11\/dsc3378-2.jpg\" alt=\"\" width=\"2004\" height=\"3008\" srcset=\"https:\/\/epilacorre.com\/wp-content\/uploads\/2018\/11\/dsc3378-2.jpg 2004w, https:\/\/epilacorre.com\/wp-content\/uploads\/2018\/11\/dsc3378-2-200x300.jpg 200w, https:\/\/epilacorre.com\/wp-content\/uploads\/2018\/11\/dsc3378-2-768x1153.jpg 768w, https:\/\/epilacorre.com\/wp-content\/uploads\/2018\/11\/dsc3378-2-682x1024.jpg 682w, https:\/\/epilacorre.com\/wp-content\/uploads\/2018\/11\/dsc3378-2-830x1246.jpg 830w, https:\/\/epilacorre.com\/wp-content\/uploads\/2018\/11\/dsc3378-2-230x345.jpg 230w, https:\/\/epilacorre.com\/wp-content\/uploads\/2018\/11\/dsc3378-2-350x525.jpg 350w, https:\/\/epilacorre.com\/wp-content\/uploads\/2018\/11\/dsc3378-2-480x720.jpg 480w\" sizes=\"(max-width: 2004px) 100vw, 2004px\" \/><figcaption id=\"caption-attachment-2344\" class=\"wp-caption-text\">Las ganadoras femeninas de la II Trail villa de \u00c9pila. Maria Pardo, Beatriz Rodrigo y Salome Franco. Muy GRANDES las tres<\/figcaption><\/figure>\n<h4>En la categor\u00eda local masculina quedo en 1\u00aa posici\u00f3n, Ivan Ruiz con&nbsp;43\u00b451\u201d en 2\u00aa posici\u00f3n Miguel Callejas con 48\u00b404&#8243;&nbsp; y en 3\u00aa posici\u00f3n Cristian Remiro con 48\u00b444&#8243;<\/h4>\n<figure id=\"attachment_2339\" aria-describedby=\"caption-attachment-2339\" style=\"width: 2059px\" class=\"wp-caption alignnone\"><img loading=\"lazy\" decoding=\"async\" class=\"size-full wp-image-2339\" src=\"https:\/\/epilacorre.com\/wp-content\/uploads\/2018\/11\/dsc3374-1.jpg\" alt=\"\" width=\"2059\" height=\"1374\" srcset=\"https:\/\/epilacorre.com\/wp-content\/uploads\/2018\/11\/dsc3374-1.jpg 2059w, https:\/\/epilacorre.com\/wp-content\/uploads\/2018\/11\/dsc3374-1-300x200.jpg 300w, https:\/\/epilacorre.com\/wp-content\/uploads\/2018\/11\/dsc3374-1-768x512.jpg 768w, https:\/\/epilacorre.com\/wp-content\/uploads\/2018\/11\/dsc3374-1-1024x683.jpg 1024w, https:\/\/epilacorre.com\/wp-content\/uploads\/2018\/11\/dsc3374-1-830x554.jpg 830w, https:\/\/epilacorre.com\/wp-content\/uploads\/2018\/11\/dsc3374-1-230x153.jpg 230w, https:\/\/epilacorre.com\/wp-content\/uploads\/2018\/11\/dsc3374-1-350x234.jpg 350w, https:\/\/epilacorre.com\/wp-content\/uploads\/2018\/11\/dsc3374-1-480x320.jpg 480w\" sizes=\"(max-width: 2059px) 100vw, 2059px\" \/><figcaption id=\"caption-attachment-2339\" class=\"wp-caption-text\">Los ganadores locales Ivan Ruiz, Miguel Callejas y Cristian Remiro.<\/figcaption><\/figure>\n<h4>En la categor\u00eda local femenina quedo en 1\u00aa posici\u00f3n Paola Ruiz con 1h 05\u00b448\u201d y en 2\u00aa posici\u00f3n Leire Barron 1h 09\u00b450&#8243;<\/h4>\n<figure id=\"attachment_2334\" aria-describedby=\"caption-attachment-2334\" style=\"width: 1136px\" class=\"wp-caption alignnone\"><img loading=\"lazy\" decoding=\"async\" class=\"size-full wp-image-2334\" src=\"https:\/\/epilacorre.com\/wp-content\/uploads\/2018\/11\/dsc3373.jpg\" alt=\"\" width=\"1136\" height=\"1703\" srcset=\"https:\/\/epilacorre.com\/wp-content\/uploads\/2018\/11\/dsc3373.jpg 1136w, https:\/\/epilacorre.com\/wp-content\/uploads\/2018\/11\/dsc3373-200x300.jpg 200w, https:\/\/epilacorre.com\/wp-content\/uploads\/2018\/11\/dsc3373-768x1151.jpg 768w, https:\/\/epilacorre.com\/wp-content\/uploads\/2018\/11\/dsc3373-683x1024.jpg 683w, https:\/\/epilacorre.com\/wp-content\/uploads\/2018\/11\/dsc3373-830x1244.jpg 830w, https:\/\/epilacorre.com\/wp-content\/uploads\/2018\/11\/dsc3373-230x345.jpg 230w, https:\/\/epilacorre.com\/wp-content\/uploads\/2018\/11\/dsc3373-350x525.jpg 350w, https:\/\/epilacorre.com\/wp-content\/uploads\/2018\/11\/dsc3373-480x720.jpg 480w\" sizes=\"(max-width: 1136px) 100vw, 1136px\" \/><figcaption id=\"caption-attachment-2334\" class=\"wp-caption-text\">Las ganadoras locales Paola Ruiz y Leire Barron. A\u00fapa esas corredoras locales<\/figcaption><\/figure>\n<h4>Para los componentes de Epilacorre es primordial y un &#8220;placer&#8221; que la gente se marche contenta de la prueba, esperando deseen repetir en una pr\u00f3xima edici\u00f3n. Pidiendo disculpas por la parte que nos toca y tomando nota de las deficiencias que puedan haber surgido (una de ellas la temperatura de los recursos hidricos) Dando las gracias especialmente, a los que han decido compartir su buena experiencia en la II Trail Villa de \u00c9pila<\/h4>\n<p><img loading=\"lazy\" decoding=\"async\" class=\"size-full wp-image-2366\" src=\"https:\/\/epilacorre.com\/wp-content\/uploads\/2018\/11\/img_3095.jpg\" width=\"640\" height=\"909\" srcset=\"https:\/\/epilacorre.com\/wp-content\/uploads\/2018\/11\/img_3095.jpg 640w, https:\/\/epilacorre.com\/wp-content\/uploads\/2018\/11\/img_3095-211x300.jpg 211w, https:\/\/epilacorre.com\/wp-content\/uploads\/2018\/11\/img_3095-230x327.jpg 230w, https:\/\/epilacorre.com\/wp-content\/uploads\/2018\/11\/img_3095-350x497.jpg 350w, https:\/\/epilacorre.com\/wp-content\/uploads\/2018\/11\/img_3095-480x682.jpg 480w\" sizes=\"(max-width: 640px) 100vw, 640px\" \/><img loading=\"lazy\" decoding=\"async\" class=\"size-full wp-image-2365\" src=\"https:\/\/epilacorre.com\/wp-content\/uploads\/2018\/11\/c2340984-3279-4ad9-acec-20299ff1e551.jpg\" width=\"778\" height=\"285\" srcset=\"https:\/\/epilacorre.com\/wp-content\/uploads\/2018\/11\/c2340984-3279-4ad9-acec-20299ff1e551.jpg 778w, https:\/\/epilacorre.com\/wp-content\/uploads\/2018\/11\/c2340984-3279-4ad9-acec-20299ff1e551-300x110.jpg 300w, https:\/\/epilacorre.com\/wp-content\/uploads\/2018\/11\/c2340984-3279-4ad9-acec-20299ff1e551-768x281.jpg 768w, https:\/\/epilacorre.com\/wp-content\/uploads\/2018\/11\/c2340984-3279-4ad9-acec-20299ff1e551-230x84.jpg 230w, https:\/\/epilacorre.com\/wp-content\/uploads\/2018\/11\/c2340984-3279-4ad9-acec-20299ff1e551-350x128.jpg 350w, https:\/\/epilacorre.com\/wp-content\/uploads\/2018\/11\/c2340984-3279-4ad9-acec-20299ff1e551-480x176.jpg 480w\" sizes=\"(max-width: 778px) 100vw, 778px\" \/><img loading=\"lazy\" decoding=\"async\" class=\"size-full wp-image-2367\" src=\"https:\/\/epilacorre.com\/wp-content\/uploads\/2018\/11\/img_3094.jpg\" width=\"624\" height=\"850\" srcset=\"https:\/\/epilacorre.com\/wp-content\/uploads\/2018\/11\/img_3094.jpg 624w, https:\/\/epilacorre.com\/wp-content\/uploads\/2018\/11\/img_3094-220x300.jpg 220w, https:\/\/epilacorre.com\/wp-content\/uploads\/2018\/11\/img_3094-230x313.jpg 230w, https:\/\/epilacorre.com\/wp-content\/uploads\/2018\/11\/img_3094-350x477.jpg 350w, https:\/\/epilacorre.com\/wp-content\/uploads\/2018\/11\/img_3094-480x654.jpg 480w\" sizes=\"(max-width: 624px) 100vw, 624px\" \/><\/p>\n<h4>Gracias y nos vemos gastando zapatillas<\/h4>\n<figure id=\"attachment_2345\" aria-describedby=\"caption-attachment-2345\" style=\"width: 5146px\" class=\"wp-caption alignnone\"><img loading=\"lazy\" decoding=\"async\" class=\"size-full wp-image-2345\" src=\"https:\/\/epilacorre.com\/wp-content\/uploads\/2018\/11\/dsc3405-2.jpg\" alt=\"\" width=\"5146\" height=\"3431\" srcset=\"https:\/\/epilacorre.com\/wp-content\/uploads\/2018\/11\/dsc3405-2.jpg 5146w, https:\/\/epilacorre.com\/wp-content\/uploads\/2018\/11\/dsc3405-2-300x200.jpg 300w, https:\/\/epilacorre.com\/wp-content\/uploads\/2018\/11\/dsc3405-2-768x512.jpg 768w, https:\/\/epilacorre.com\/wp-content\/uploads\/2018\/11\/dsc3405-2-1024x683.jpg 1024w, https:\/\/epilacorre.com\/wp-content\/uploads\/2018\/11\/dsc3405-2-830x553.jpg 830w, https:\/\/epilacorre.com\/wp-content\/uploads\/2018\/11\/dsc3405-2-230x153.jpg 230w, https:\/\/epilacorre.com\/wp-content\/uploads\/2018\/11\/dsc3405-2-350x233.jpg 350w, https:\/\/epilacorre.com\/wp-content\/uploads\/2018\/11\/dsc3405-2-480x320.jpg 480w\" sizes=\"(max-width: 5146px) 100vw, 5146px\" \/><figcaption id=\"caption-attachment-2345\" class=\"wp-caption-text\">Algunos de los participantes de \u00c9pilacorre<\/figcaption><\/figure>\n<figure id=\"attachment_2374\" aria-describedby=\"caption-attachment-2374\" style=\"width: 674px\" class=\"wp-caption alignnone\"><img loading=\"lazy\" decoding=\"async\" class=\"size-full wp-image-2374\" src=\"https:\/\/epilacorre.com\/wp-content\/uploads\/2018\/11\/c4708162-91fd-4aba-aa00-0b343e21da89-2.jpg\" width=\"674\" height=\"1056\" srcset=\"https:\/\/epilacorre.com\/wp-content\/uploads\/2018\/11\/c4708162-91fd-4aba-aa00-0b343e21da89-2.jpg 674w, https:\/\/epilacorre.com\/wp-content\/uploads\/2018\/11\/c4708162-91fd-4aba-aa00-0b343e21da89-2-191x300.jpg 191w, https:\/\/epilacorre.com\/wp-content\/uploads\/2018\/11\/c4708162-91fd-4aba-aa00-0b343e21da89-2-654x1024.jpg 654w, https:\/\/epilacorre.com\/wp-content\/uploads\/2018\/11\/c4708162-91fd-4aba-aa00-0b343e21da89-2-230x360.jpg 230w, https:\/\/epilacorre.com\/wp-content\/uploads\/2018\/11\/c4708162-91fd-4aba-aa00-0b343e21da89-2-350x548.jpg 350w, https:\/\/epilacorre.com\/wp-content\/uploads\/2018\/11\/c4708162-91fd-4aba-aa00-0b343e21da89-2-480x752.jpg 480w\" sizes=\"(max-width: 674px) 100vw, 674px\" \/><figcaption id=\"caption-attachment-2374\" class=\"wp-caption-text\">Nuestros fabulosos escobas<\/figcaption><\/figure>\n<h4>Aqu\u00ed pod\u00e9is encontrar las clasificaciones, galer\u00eda fotogr\u00e1ficas y v\u00eddeos<\/h4>\n<p><a style=\"color: #0000ff;\" href=\"https:\/\/epilacorre.com\/index.php\/clasificaciones\/\" target=\"_blank\" rel=\"noopener\"><span style=\"color: #0000ff;\">Clasificaciones II Trail villa de \u00c9pila<\/span><\/a><\/p>\n<p><a style=\"color: #0000ff;\" href=\"https:\/\/epilacorre.com\/index.php\/fotos\/\" target=\"_blank\" rel=\"noopener\"><span style=\"color: #0000ff;\">Galeria Fotografica<\/span><\/a><\/p>\n<div style=\"width: 640px;\" class=\"wp-video\"><video class=\"wp-video-shortcode\" id=\"video-2317-1\" width=\"640\" height=\"360\" preload=\"metadata\" controls=\"controls\"><source type=\"video\/mp4\" src=\"https:\/\/epilacorre.com\/wp-content\/uploads\/2018\/11\/WhatsApp-Video-2018-11-06-at-17.55.54.mp4?_=1\" \/><a href=\"https:\/\/epilacorre.com\/wp-content\/uploads\/2018\/11\/WhatsApp-Video-2018-11-06-at-17.55.54.mp4\">https:\/\/epilacorre.com\/wp-content\/uploads\/2018\/11\/WhatsApp-Video-2018-11-06-at-17.55.54.mp4<\/a><\/video><\/div>\n<p>Salida andarines II Trail villa de \u00c9pila<\/p>\n<div style=\"width: 640px;\" class=\"wp-video\"><video class=\"wp-video-shortcode\" id=\"video-2317-2\" width=\"640\" height=\"360\" preload=\"metadata\" controls=\"controls\"><source type=\"video\/mp4\" src=\"https:\/\/epilacorre.com\/wp-content\/uploads\/2018\/11\/WhatsApp-Video-2018-11-06-at-17.56.02.mp4?_=2\" \/><\/p><p>Salida corredores II Trail villa de \u00c9pila<\/p><p>[video mp4=\"https:\/\/epilacorre.com\/wp-content\/uploads\/2018\/11\/WhatsApp-Video-2018-11-06-at-17.53.18.mp4\"]<a href=\"https:\/\/epilacorre.com\/wp-content\/uploads\/2018\/11\/WhatsApp-Video-2018-11-06-at-17.56.02.mp4\">https:\/\/epilacorre.com\/wp-content\/uploads\/2018\/11\/WhatsApp-Video-2018-11-06-at-17.56.02.mp4<\/a><\/video><\/div>\n<p>Salida II Trail villa de \u00c9pila<\/p>\n<div style=\"width: 848px;\" class=\"wp-video\"><video class=\"wp-video-shortcode\" id=\"video-2317-3\" width=\"848\" height=\"480\" preload=\"metadata\" controls=\"controls\"><source type=\"video\/mp4\" src=\"https:\/\/epilacorre.com\/wp-content\/uploads\/2018\/11\/WhatsApp-Video-2018-11-06-at-17.53.18.mp4?_=3\" \/><a href=\"https:\/\/epilacorre.com\/wp-content\/uploads\/2018\/11\/WhatsApp-Video-2018-11-06-at-17.53.18.mp4\">https:\/\/epilacorre.com\/wp-content\/uploads\/2018\/11\/WhatsApp-Video-2018-11-06-at-17.53.18.mp4<\/a><\/video><\/div>\n<p>Paso de los corredores<\/p>\n","protected":false},"excerpt":{"rendered":"<p>Que mejor forma de retomar las cr\u00f3nicas y estrenar la nueva web, que con nuestra Trail villa de \u00c9pila. Entre que entrenamos un poco m\u00e1s y todo el curro que&hellip;<\/p>\n","protected":false},"author":2,"featured_media":2279,"comment_status":"open","ping_status":"open","sticky":false,"template":"","format":"standard","meta":{"footnotes":""},"categories":[9],"tags":[],"class_list":["post-2317","post","type-post","status-publish","format-standard","has-post-thumbnail","hentry","category-carreras"],"_links":{"self":[{"href":"https:\/\/epilacorre.com\/index.php\/wp-json\/wp\/v2\/posts\/2317","targetHints":{"allow":["GET"]}}],"collection":[{"href":"https:\/\/epilacorre.com\/index.php\/wp-json\/wp\/v2\/posts"}],"about":[{"href":"https:\/\/epilacorre.com\/index.php\/wp-json\/wp\/v2\/types\/post"}],"author":[{"embeddable":true,"href":"https:\/\/epilacorre.com\/index.php\/wp-json\/wp\/v2\/users\/2"}],"replies":[{"embeddable":true,"href":"https:\/\/epilacorre.com\/index.php\/wp-json\/wp\/v2\/comments?post=2317"}],"version-history":[{"count":26,"href":"https:\/\/epilacorre.com\/index.php\/wp-json\/wp\/v2\/posts\/2317\/revisions"}],"predecessor-version":[{"id":2435,"href":"https:\/\/epilacorre.com\/index.php\/wp-json\/wp\/v2\/posts\/2317\/revisions\/2435"}],"wp:featuredmedia":[{"embeddable":true,"href":"https:\/\/epilacorre.com\/index.php\/wp-json\/wp\/v2\/media\/2279"}],"wp:attachment":[{"href":"https:\/\/epilacorre.com\/index.php\/wp-json\/wp\/v2\/media?parent=2317"}],"wp:term":[{"taxonomy":"category","embeddable":true,"href":"https:\/\/epilacorre.com\/index.php\/wp-json\/wp\/v2\/categories?post=2317"},{"taxonomy":"post_tag","embeddable":true,"href":"https:\/\/epilacorre.com\/index.php\/wp-json\/wp\/v2\/tags?post=2317"}],"curies":[{"name":"wp","href":"https:\/\/api.w.org\/{rel}","templated":true}]}}