{"id":2503,"date":"2019-02-23T17:04:46","date_gmt":"2019-02-23T17:04:46","guid":{"rendered":"http:\/\/epilacorre.com\/?p=2503"},"modified":"2019-03-21T18:50:21","modified_gmt":"2019-03-21T18:50:21","slug":"xxxviii-subida-rodanas","status":"publish","type":"post","link":"https:\/\/epilacorre.com\/index.php\/2019\/02\/23\/xxxviii-subida-rodanas\/","title":{"rendered":"XXXVIII Subida Rodanas"},"content":{"rendered":"<p>La Subida Rodanas con XXXVIII ediciones ininterrumpidas, pasar\u00e1 este a\u00f1o de ser un cross a una carrera por asfalto, con una distancia inferior a 16 km y\u00a0con algo menos de 300 mts de desnivel en ascenso ininterrumpido.<\/p>\n<p>Es una de las\u00a0 pruebas asentada en el calendario de pruebas populares de Arag\u00f3n, por su trayectoria y calidad de los atletas que en ella han participado: Said El Wardi,\u00a0Alfonso Cebolla Baldomero, Caledonio Garc\u00eda, Reduran Ben Arafa, Javier Ceamanos Caro, Manuel Lahoz Lizandra, Cherkaw, Jose Luis Mareca, Jos\u00e9 Antonio Casajus Cabrejas, Jos\u00e9 Antonio Muro, Iv\u00e1n Ram\u00edrez Bator, Asaraf Sellak, Jorge Tricas, Rachid Damoun Karkre. Etc. Siendo utilizada durante a\u00f1os como entreno, para Media Marat\u00f3n y Marat\u00f3n.<\/p>\n<p><img fetchpriority=\"high\" decoding=\"async\" class=\"size-medium wp-image-2494 alignleft\" src=\"https:\/\/epilacorre.com\/wp-content\/uploads\/2019\/02\/img_3397-233x300.jpg\" alt=\"\" width=\"233\" height=\"300\" srcset=\"https:\/\/epilacorre.com\/wp-content\/uploads\/2019\/02\/img_3397-233x300.jpg 233w, https:\/\/epilacorre.com\/wp-content\/uploads\/2019\/02\/img_3397-230x296.jpg 230w, https:\/\/epilacorre.com\/wp-content\/uploads\/2019\/02\/img_3397-350x450.jpg 350w, https:\/\/epilacorre.com\/wp-content\/uploads\/2019\/02\/img_3397-480x618.jpg 480w, https:\/\/epilacorre.com\/wp-content\/uploads\/2019\/02\/img_3397.jpg 746w\" sizes=\"(max-width: 233px) 100vw, 233px\" \/>Su historia se remonta a 1976, cuando dos epilenses se apostaron un conejo. Lo ganar\u00eda el que menos tiempo invirtiera en recorrer la distancia que separa \u00c9pila, del Santuario de Rodanas. Manuel Ruiz (\u201cEl galgo del Jal\u00f3n\u201d) y \u00c1ngel L\u00f3pez (\u201cEl sastre volador\u201d) fueron los promotores de dicha apuesta. Gan\u00e1ndolo Manuel Ruiz e invitando a Angel Lopez y los asistentes a\u00a8rancho con conejo\u00a8<\/p>\n<p>Fue la \u00fanica vez que la hicieron, pero sentaron las bases para que, en 1981, se institucionalizara esta prueba, que lleva realiz\u00e1ndose desde entonces, gracias al Ayuntamiento de \u00c9pila, su Servicio Municipal de Deportes y junto con la inestimable ayuda de la Asociaci\u00f3n Deportiva y Cultural Love&amp;Peace.<\/p>\n<p>En la XXX\u00a0Subida a Rodanas 2011, fue el corredor Said El Wardi quien, con un tiempo de 52 minutos y 19 segundos bati\u00f3 el r\u00e9cord, el cual ostentaba desde 1985 Alfonso Cebolla Baldomero con un tiempo de 53 minutos y 56 segundos. Este r\u00e9cord (52\u00b4y 19\u00b4\u00b4) todav\u00eda contin\u00faa sin batirse a d\u00eda de hoy.<\/p>\n<p>El 31 de Marzo a las 9:30h se dar\u00e1 la salida desde el Pabell\u00f3n Polideprtivo de \u00c9pila a la XXXVIII Carrera Subida Rodanas, pudiendo inscribirse hasta el 26 de Marzo\u00a0<span style=\"color: #0000ff;\"><a style=\"color: #0000ff;\" href=\"http:\/\/www.subidarodanas.com\/\" target=\"_blank\" rel=\"nofollow noopener\">http:\/\/www.subidarodanas.com\/\u00a0<\/a><\/span>Esperando gran participaci\u00f3n y que alg\u00fan corredor consiga batir el r\u00e9cord.<\/p>\n<p>Desde el Club \u00c9pilacorre intentamos colaborar y promocionar esta prueba deportiva, para continuar con el legado de tantos buenos corredores locales y motivar a nuevas generaciones.<\/p>\n<p>Este a\u00f1o la XXXVIII Subida Rodanas, permite la participaci\u00f3n de los nacidos en el 02\/03 con la nueva categor\u00eda junior S20. \u00a0Adem\u00e1s cuenta con pruebas escolares, para la participaci\u00f3n de los m\u00e1s peque\u00f1os, para que toda la familia pueda disfrutar de un entorno \u00fanico, como es El Santuario de Rodanas.<\/p>\n<p>La inscripci\u00f3n a la prueba tiene un coste de tan solo 3\u20ac (4\u20ac si no est\u00e1s federado) incluyendo en la bolsa del corredor una camiseta t\u00e9cnica, aperitivo al finalizar y todos los servicios habituales de una prueba deportiva. Las pruebas escolares son Gratuitas<\/p>\n<p>Aqu\u00ed puedes ver el <span style=\"color: #0000ff;\"><a style=\"color: #0000ff;\" href=\"https:\/\/inscripciones.fartlecksport.com\/uploads\/docs\/eventos\/rol\/6729_evento_8290_reglamento.pdf?v=1545840414\" target=\"_blank\" rel=\"noopener\">reglamento<\/a><\/span> de la prueba<\/p>\n<p>Para ver algunas de las clasificaciones de a\u00f1os anteriores, puedes visitar\u00a0 nuestro apartado de <a href=\"https:\/\/epilacorre.com\/index.php\/clasificaciones\/\" target=\"_blank\" rel=\"noopener\"><span style=\"color: #0000ff;\">clasificaciones<\/span><\/a><\/p>\n<p>&nbsp;<\/p>\n<p><span style=\"color: #0000ff;\">Segmento de Strava<\/span><\/p>\n<p><iframe src=\"https:\/\/www.strava.com\/segments\/14253439\/embed\" width=\"590\" height=\"405\" frameborder=\"0\" scrolling=\"no\"><\/iframe><\/p>\n<p>&nbsp;<\/p>\n<p><span style=\"color: #0000ff;\">Perfil en Wikiloc<\/span><\/p>\n<p><iframe src=\"https:\/\/es.wikiloc.com\/wikiloc\/spatialArtifacts.do?event=view&amp;id=33062388&amp;measures=off&amp;title=on&amp;near=on&amp;images=off&amp;maptype=H\" width=\"500\" height=\"400\" frameborder=\"0\" scrolling=\"no\"><\/iframe><\/p>\n<div style=\"background-color: #fff; color: #777; font-size: 11px; line-height: 16px;\">\n<h3><\/h3>\n<h3><\/h3>\n<h3><span style=\"color: #0000ff;\">Perfil de la prueba con Relive<\/span><\/h3>\n<p><iframe src=\"https:\/\/www.youtube.com\/embed\/aBsA3dKMkdw\" width=\"560\" height=\"315\" frameborder=\"0\" allowfullscreen=\"allowfullscreen\"><\/iframe><\/p>\n<\/div>\n<div><\/div>\n<div><\/div>\n","protected":false},"excerpt":{"rendered":"<p>La Subida Rodanas con XXXVIII ediciones ininterrumpidas, pasar\u00e1 este a\u00f1o de ser un cross a una carrera por asfalto, con una distancia inferior a 16 km y\u00a0con algo menos de&hellip;<\/p>\n","protected":false},"author":2,"featured_media":2481,"comment_status":"open","ping_status":"open","sticky":false,"template":"","format":"aside","meta":{"footnotes":""},"categories":[9],"tags":[],"class_list":["post-2503","post","type-post","status-publish","format-aside","has-post-thumbnail","hentry","category-carreras","post_format-post-format-aside"],"_links":{"self":[{"href":"https:\/\/epilacorre.com\/index.php\/wp-json\/wp\/v2\/posts\/2503","targetHints":{"allow":["GET"]}}],"collection":[{"href":"https:\/\/epilacorre.com\/index.php\/wp-json\/wp\/v2\/posts"}],"about":[{"href":"https:\/\/epilacorre.com\/index.php\/wp-json\/wp\/v2\/types\/post"}],"author":[{"embeddable":true,"href":"https:\/\/epilacorre.com\/index.php\/wp-json\/wp\/v2\/users\/2"}],"replies":[{"embeddable":true,"href":"https:\/\/epilacorre.com\/index.php\/wp-json\/wp\/v2\/comments?post=2503"}],"version-history":[{"count":10,"href":"https:\/\/epilacorre.com\/index.php\/wp-json\/wp\/v2\/posts\/2503\/revisions"}],"predecessor-version":[{"id":2532,"href":"https:\/\/epilacorre.com\/index.php\/wp-json\/wp\/v2\/posts\/2503\/revisions\/2532"}],"wp:featuredmedia":[{"embeddable":true,"href":"https:\/\/epilacorre.com\/index.php\/wp-json\/wp\/v2\/media\/2481"}],"wp:attachment":[{"href":"https:\/\/epilacorre.com\/index.php\/wp-json\/wp\/v2\/media?parent=2503"}],"wp:term":[{"taxonomy":"category","embeddable":true,"href":"https:\/\/epilacorre.com\/index.php\/wp-json\/wp\/v2\/categories?post=2503"},{"taxonomy":"post_tag","embeddable":true,"href":"https:\/\/epilacorre.com\/index.php\/wp-json\/wp\/v2\/tags?post=2503"}],"curies":[{"name":"wp","href":"https:\/\/api.w.org\/{rel}","templated":true}]}}