{"id":259,"date":"2016-05-11T22:40:22","date_gmt":"2016-05-11T22:40:22","guid":{"rendered":"https:\/\/epilacorre.wordpress.com\/?p=259"},"modified":"2016-05-11T22:40:22","modified_gmt":"2016-05-11T22:40:22","slug":"informacion-de-proximas-carreras","status":"publish","type":"post","link":"https:\/\/epilacorre.com\/index.php\/2016\/05\/11\/informacion-de-proximas-carreras\/","title":{"rendered":"Informaci\u00f3n de pr\u00f3ximas carreras"},"content":{"rendered":"<p>A continuaci\u00f3n, ponemos una relaci\u00f3n de algunas de las pr\u00f3ximas carreras que pueden ser de inter\u00e9s general. Iremos actualizando.<\/p>\n<p><b>2 de Julio es Estampida Nocturna de KDRTRAIL.&nbsp;<\/b>Es su tercera edici\u00f3n y os puedo asegurar que las dos anteriores fueron &#8220;espectaculares&#8221;. ( y durilla) Con disfraces, regalos, pirotecnia e iluminaci\u00f3n, un jam\u00f3n en el recorrido. Cada a\u00f1o se superan ( veremos este)<\/p>\n<p>+ info <a href=\"http:\/\/www.kdrtrail.com\/\" target=\"_blank\">Estampida Nocturna<\/a><\/p>\n<p><a href=\"http:\/\/www.kdrtrail.com\/\"><img fetchpriority=\"high\" decoding=\"async\" width=\"686\" height=\"960\" alt=\"\" src=\"https:\/\/epilacorre.files.wordpress.com\/2016\/05\/img_3520.jpg\" title=\"\" class=\"alignnone size-full wp-image-265\"\/><\/a><\/p>\n<p><b>3 de Julio es la 5 y 10k Contra el Cancer en La Almunia<\/b>. Organizada por nuestros amigos de la Asociaci\u00f3n Ayuda Matarrayos y Atletismo La Almunia, en apoyo de la Asociaci\u00f3n Espa\u00f1ola Contra el Cander, es una de las que no te puedes perder<\/p>\n<p>+ info&nbsp;<a href=\"http:\/\/www.5-10klaalmunia.com\/\">5 y 10k Contra el Cancer La Almunia<\/a><br \/>\n<a href=\"http:\/\/www.5-10klaalmunia.com\/\"><img decoding=\"async\" width=\"480\" height=\"679\" alt=\"\" src=\"https:\/\/epilacorre.files.wordpress.com\/2016\/05\/img_3519.jpg\" title=\"\" class=\"alignnone size-full wp-image-267\"\/><\/a><\/p>\n<p><b>3 y 4 de Septiembre es &nbsp;XII Extrema Belchite. U<\/b>na ya cl\u00e1sica prueba por m\u00e9ritos propios. Algo durilla tambi\u00e9n pero apasionante.<\/p>\n<p>+ info <a href=\"https:\/\/www.facebook.com\/Extrema-Campo-de-Belchite-723641027700867\/\" target=\"_blank\">Extrema Campo de Belchite<\/a>&nbsp;<\/p>\n<p><a href=\"https:\/\/epilacorre.files.wordpress.com\/2016\/05\/img_0269.jpg\"><img decoding=\"async\" src=\"https:\/\/epilacorre.files.wordpress.com\/2016\/05\/img_0269.jpg\" alt=\"\" width=\"802\" height=\"1007\" class=\"alignnone size-full wp-image-409\"\/><\/a><br \/>\n<b>17 de Julio es la Trail Muel. Subida al Cabezo de San Boronb\u00f3n<\/b><\/p>\n<p><b>M\u00e1s Info e incripciones&nbsp;<a href=\"http:\/\/www.trailmuel.com\">Trail Muel<\/a><\/b><\/p>\n<p><a href=\"https:\/\/epilacorre.files.wordpress.com\/2016\/05\/img_3533.jpg\"><img loading=\"lazy\" decoding=\"async\" src=\"https:\/\/epilacorre.files.wordpress.com\/2016\/05\/img_3533.jpg\" alt=\"\" width=\"768\" height=\"506\" class=\"alignnone size-full wp-image-282\"\/><\/a><b><br \/>\n<\/b><\/p>\n<p><b>El 11 de Septiembre es la 10k de Bomberos&nbsp;<\/b><\/p>\n<p>+ Info&nbsp;<a href=\"https:\/\/www.avaibooksports.com\/inscripcion\/index.php?id=3617\">10 k Bomberos<\/a><\/p>\n<p><a href=\"https:\/\/www.avaibooksports.com\/inscripcion\/index.php?id=3617\"><img loading=\"lazy\" decoding=\"async\" width=\"800\" height=\"1200\" alt=\"\" src=\"https:\/\/epilacorre.files.wordpress.com\/2016\/05\/img_0214.jpg\" title=\"\" class=\"alignnone size-full wp-image-396\"\/><\/a><\/p>\n","protected":false},"excerpt":{"rendered":"<p>A continuaci\u00f3n, ponemos una relaci\u00f3n de algunas de las pr\u00f3ximas carreras que pueden ser de inter\u00e9s general. Iremos actualizando. 2 de Julio es Estampida Nocturna de KDRTRAIL.&nbsp;Es su tercera edici\u00f3n&hellip;<\/p>\n","protected":false},"author":2,"featured_media":0,"comment_status":"open","ping_status":"open","sticky":false,"template":"","format":"standard","meta":{"footnotes":""},"categories":[4],"tags":[],"class_list":["post-259","post","type-post","status-publish","format-standard","hentry","category-uncategorized"],"_links":{"self":[{"href":"https:\/\/epilacorre.com\/index.php\/wp-json\/wp\/v2\/posts\/259","targetHints":{"allow":["GET"]}}],"collection":[{"href":"https:\/\/epilacorre.com\/index.php\/wp-json\/wp\/v2\/posts"}],"about":[{"href":"https:\/\/epilacorre.com\/index.php\/wp-json\/wp\/v2\/types\/post"}],"author":[{"embeddable":true,"href":"https:\/\/epilacorre.com\/index.php\/wp-json\/wp\/v2\/users\/2"}],"replies":[{"embeddable":true,"href":"https:\/\/epilacorre.com\/index.php\/wp-json\/wp\/v2\/comments?post=259"}],"version-history":[{"count":0,"href":"https:\/\/epilacorre.com\/index.php\/wp-json\/wp\/v2\/posts\/259\/revisions"}],"wp:attachment":[{"href":"https:\/\/epilacorre.com\/index.php\/wp-json\/wp\/v2\/media?parent=259"}],"wp:term":[{"taxonomy":"category","embeddable":true,"href":"https:\/\/epilacorre.com\/index.php\/wp-json\/wp\/v2\/categories?post=259"},{"taxonomy":"post_tag","embeddable":true,"href":"https:\/\/epilacorre.com\/index.php\/wp-json\/wp\/v2\/tags?post=259"}],"curies":[{"name":"wp","href":"https:\/\/api.w.org\/{rel}","templated":true}]}}