{"id":3048,"date":"2021-03-29T16:51:08","date_gmt":"2021-03-29T16:51:08","guid":{"rendered":"http:\/\/epilacorre.com\/?p=3048"},"modified":"2025-06-06T18:52:21","modified_gmt":"2025-06-06T18:52:21","slug":"cancelada-la-iv-trail-villa-de-epila-rodanas-trail-race","status":"publish","type":"post","link":"https:\/\/epilacorre.com\/index.php\/2021\/03\/29\/cancelada-la-iv-trail-villa-de-epila-rodanas-trail-race\/","title":{"rendered":"CANCELADA  la IV Trail villa de \u00c9pila \u201cRodanas Trail Race\u201d"},"content":{"rendered":"<p>Comunicado oficial Club de atletismo Epilacorre<\/p>\n<p>Despu\u00e9s del jarro de agua fr\u00eda que supuso la cancelaci\u00f3n de la Subida Rodanas (la cual pens\u00e1bamos que ser\u00eda el reinicio de las pruebas deportivas populares y nos allanar\u00eda el camino). Comenzamos a tener dudas de que se nos permitiera celebrar la IV Trail villa de \u00c9pila \u201cRodanas Trail Race\u201d.<\/p>\n<p>Y acertamos, se nos ha comunicado por parte del departamento de deportes del Gobierno de Arag\u00f3n que: <strong>no tenemos autorizaci\u00f3n y no puede celebrase dicho evento deportivo<\/strong>.<\/p>\n<p>Por lo que <strong><u>nos vemos obligados a CANCELAR la IV Trail villa de \u00c9pila \u201cRodanas Trail Race\u201d<\/u><\/strong><\/p>\n<p>Motivo por la que se cancela.<\/p>\n<p>Orden de sanidad SAN\/53\/2021 del 17 de febrero (<span style=\"color: #3366ff;\"><a style=\"color: #3366ff;\" href=\"http:\/\/www.boa.aragon.es\/cgi-bin\/EBOA\/BRSCGI?CMD=VEROBJ&amp;MLKOB=1150007971515&amp;type=pdf\" target=\"_blank\" rel=\"noopener\">BOA 18 de febrero<\/a><\/span>) Direcci\u00f3n General del Gobierno de Arag\u00f3n. Que viene a decir que: solo est\u00e1n permitidas las competiciones federadas y con atletas federados con licencia federativa anual. No se permiten pruebas populares.<\/p>\n<p>Aun que el protocolo covid que se lleve a cabo sea el mismo, seguros y todos sus requisitos para garantizar la prueba deportiva. El Gobierno de Arag\u00f3n solo permite pruebas deportivas federadas y la participaci\u00f3n de atletas federados con licencia anual.<\/p>\n<p>En conclusi\u00f3n: si no est\u00e1s federado, no puedes participar en pruebas deportivas, excluyendo a todos los deportistas populares. \u00bfNos est\u00e1n vendiendo que solo las competiciones de federados, son seguras en estos tiempos de pandemia? O es que \u00bfsi estas federado eres inmune al covid?<\/p>\n<p>Queremos dar las gracias por todo su apoyo al Ayuntamiento de \u00c9pila, en especial a Carlos, David y Sara (delegado deportivo, concejal de deportes y concejala de Rodanas) Muchas gracias por vuestro apoyo incondicional.<\/p>\n<p>Agradecer a todos esos amigos que conf\u00edan en nosotros y nos apoyan con sus establecimientos y empresas desde el primer d\u00eda.<\/p>\n<p>Tambi\u00e9n queremos agradecer la rapidez, con la que el departamento de deportes del Gobierno de Arag\u00f3n nos ha comunicado la <strong>no autorizaci\u00f3n<\/strong>. Ya que somos un peque\u00f1o club y si tenemos que devolver inscripciones, pagar seguros, cronometrajes, camisetas, trofeos, detalles etc. Ser\u00eda catastr\u00f3fico para nosotros. Sin contar el curro de todo el papeleo, de marcajes y trazados de rutas que ya llevamos realizado. Pero esto \u00faltimo no deja de ser solo nuestro tiempo.<\/p>\n<p>La cancelaci\u00f3n por segundo a\u00f1o de la Rodanas Trail Race es otro mazazo, pero somos corredores y estamos acostumbrados a caer y levantarnos, a sufrir y gozar de nuestro deporte y nuestra gente. Sea en asfalto o monte.<\/p>\n<p>Volveremos a intentarlo, mientras\u2026\u2026\u2026\u2026\u2026\u2026\u2026\u2026.. nos vemos gastando zapatilla.<\/p>\n","protected":false},"excerpt":{"rendered":"<p>Comunicado oficial Club de atletismo Epilacorre Despu\u00e9s del jarro de agua fr\u00eda que supuso la cancelaci\u00f3n de la Subida Rodanas (la cual pens\u00e1bamos que ser\u00eda el reinicio de las pruebas&hellip;<\/p>\n","protected":false},"author":2,"featured_media":3050,"comment_status":"open","ping_status":"open","sticky":false,"template":"","format":"standard","meta":{"footnotes":""},"categories":[1],"tags":[21],"class_list":["post-3048","post","type-post","status-publish","format-standard","has-post-thumbnail","hentry","category-sin-categoria","tag-noticias"],"_links":{"self":[{"href":"https:\/\/epilacorre.com\/index.php\/wp-json\/wp\/v2\/posts\/3048","targetHints":{"allow":["GET"]}}],"collection":[{"href":"https:\/\/epilacorre.com\/index.php\/wp-json\/wp\/v2\/posts"}],"about":[{"href":"https:\/\/epilacorre.com\/index.php\/wp-json\/wp\/v2\/types\/post"}],"author":[{"embeddable":true,"href":"https:\/\/epilacorre.com\/index.php\/wp-json\/wp\/v2\/users\/2"}],"replies":[{"embeddable":true,"href":"https:\/\/epilacorre.com\/index.php\/wp-json\/wp\/v2\/comments?post=3048"}],"version-history":[{"count":4,"href":"https:\/\/epilacorre.com\/index.php\/wp-json\/wp\/v2\/posts\/3048\/revisions"}],"predecessor-version":[{"id":3054,"href":"https:\/\/epilacorre.com\/index.php\/wp-json\/wp\/v2\/posts\/3048\/revisions\/3054"}],"wp:featuredmedia":[{"embeddable":true,"href":"https:\/\/epilacorre.com\/index.php\/wp-json\/wp\/v2\/media\/3050"}],"wp:attachment":[{"href":"https:\/\/epilacorre.com\/index.php\/wp-json\/wp\/v2\/media?parent=3048"}],"wp:term":[{"taxonomy":"category","embeddable":true,"href":"https:\/\/epilacorre.com\/index.php\/wp-json\/wp\/v2\/categories?post=3048"},{"taxonomy":"post_tag","embeddable":true,"href":"https:\/\/epilacorre.com\/index.php\/wp-json\/wp\/v2\/tags?post=3048"}],"curies":[{"name":"wp","href":"https:\/\/api.w.org\/{rel}","templated":true}]}}