{"id":306,"date":"2016-05-29T08:06:25","date_gmt":"2016-05-29T08:06:25","guid":{"rendered":"https:\/\/epilacorre.wordpress.com\/?p=306"},"modified":"2016-05-29T08:06:25","modified_gmt":"2016-05-29T08:06:25","slug":"interior-pone-en-jaque-las-pruebas-deportivas-al-limitarlas-a-una-por-dia-y-provincia","status":"publish","type":"post","link":"https:\/\/epilacorre.com\/index.php\/2016\/05\/29\/interior-pone-en-jaque-las-pruebas-deportivas-al-limitarlas-a-una-por-dia-y-provincia\/","title":{"rendered":"Interior pone en jaque las pruebas deportivas al limitarlas a una por d\u00eda y provincia"},"content":{"rendered":"<p>Una instrucci\u00f3n amenaza la celebraci\u00f3n de las carreras en Arag\u00f3n, ya son varias las pruebas suspendidas: III Triatl\u00f3n de Mezalocha, IV cicloturista Ojos de Pontil. etc. y en Madrid van mas all\u00e1 como dice el articulo &#8220;Jaque al deporte&#8221;(<a href=\"http:\/\/www.fmm.es\/actividades-de-montana\/2013-10-22-12-12-24\/noticias\/item\/1828-jaque-al-deporte-en-el-medio-natural-en-la-comunidad-de-madrid\" target=\"_blank\">ver articulo aqu\u00ed<\/a>) no creemos que&nbsp;sea esta la soluci\u00f3n para regular las pruebas deportivas, que \u00faltimamente afloraban por todos sitios como si fueran gratis<\/p>\n<p>.<br \/>\nEl Ministerio del Interior ha puesto coto a la celebraci\u00f3n de pruebas y eventos deportivos que transcurren por carreteras interurbanas. En concreto, a trav\u00e9s de una circular interna (16\/TV-91, que modifica una anterior de hace m\u00e1s de diez a\u00f1os), Tr\u00e1fico se\u00f1ala que a partir de ahora solo se podr\u00e1 organizar un acontecimiento de este tipo al d\u00eda por provincia.<\/p>\n<p>La instrucci\u00f3n, remitida a las agrupaciones de Tr\u00e1fico de la Guardia Civil, se\u00f1ala que \u201cno se podr\u00e1 celebrar m\u00e1s de una prueba deportiva (de car\u00e1cter competitivo o no) o cualquier otro evento que pueda afectar a la fluidez de la circulaci\u00f3n o la seguridad vial que precise servicios de escolta y\/o vigilancia de la ATGC, por Subsector y d\u00eda, por razones operativas\u201d.<br \/>\nLos servicios jur\u00eddicos del Gobierno de Arag\u00f3n, cuyas delegaciones territoriales son las encargadas en la mayor\u00eda de los casos de tramitar el permiso correspondiente, est\u00e1n estudiando el texto del Ministerio para ver cu\u00e1les son sus implicaciones. Pero de momento ya avanzan que la competencia de seguridad en las carreteras es de Tr\u00e1fico, por lo que deber\u00e1n asumir las nuevas restricciones. <strong>\u201cNo se puede organizar un evento sin contar con las condiciones necesarias de seguridad\u201d,<\/strong> se\u00f1alan fuentes de la DGA.<br \/>\nPor su parte, sindicatos como la Asociaci\u00f3n Unificada de la Guardia Civil (AUGC) denuncian que tras esta medida \u201csubyace una importante carencia de personal debido a las pol\u00edticas err\u00e1ticas del Gobierno\u201d. Desde esta agrupaci\u00f3n recuerdan que durante el mandato socialista de 2011, el Ejecutivo central \u201cse comprometi\u00f3 a alcanzar los 11.000 efectivos, y en la actualidad hay poco m\u00e1s de 8.000\u201d. Los sindicatos critican la escasez de agentes.<\/p>\n<p>El problema es que no solo las pruebas deportivas que discurren por carreteras interurbanas se ven afectadas. Si se atiende al texto remitido por Interior, se incluye en esta restricci\u00f3n<strong> \u201ccualquier otro evento\u201d<\/strong> que obligue a la actuaci\u00f3n de la Guardia Civil de Tr\u00e1fico. De esta forma se podr\u00edan incluir romer\u00edas o encierros, lo que pondr\u00eda m\u00e1s trabas al calendario de actividades. La instrucci\u00f3n busca garantizar la seguridad de las personas, \u201cnadie lo discute\u201d, pero tenemos que reclamar&nbsp;soluciones, ya que afecta al ciclismo, atletismo, monta\u00f1a, automovilismo y un sin fin de actividades que&nbsp;se encuentran en id\u00e9ntica situaci\u00f3n.<\/p>\n<p>Reflexiones personales:<\/p>\n<p><strong>\u00bfQu\u00e9 criterio&nbsp;seguir\u00e1n para elegir esa prueba por provincia que se puede celebrar?<\/strong> Con la cantidad de pruebas con solera y renombre que se celebran en el mismo d\u00eda, ejemplo (la Quebrantahuesos y la Treparriscos, La Media de Calatayud y&nbsp;nuestra Subida a Rodanas et.)<strong>&nbsp;<\/strong>.&nbsp; <strong>!!!YA LO SE\u00a1\u00a1\u00a1<\/strong> &nbsp;la del amigo de \u00a8fulano\u00a8 o la del patrocinador u&nbsp;organizador que suelte mas tela \u20ac . Otra \u00a8paja mental\u00a8 m\u00eda es: Que es mas rentable para El Ministerio del Interior,&nbsp;&nbsp;tener a los agentes de La Guardia Civil&nbsp; !!!sancionando\u00a1\u00a1&nbsp;u oblig\u00e1ndoles a sancionar, con \u00a8primas\u00a8 para cobrar un plus&nbsp;en sus nominas, que velando por la seguridad y buen desarrollo de alguna de estas pruebas. Las cuales no creo les reporten muchos beneficios.<\/p>\n<p>Tu opini\u00f3n nos interesa, d\u00e9janos un comentario sobre este tema. Un saludo y nos vemos gastando zapatilla (&nbsp;aunque&nbsp;a este paso igual&nbsp;nos&nbsp; lo proh\u00edben&nbsp;tambi\u00e9n&nbsp; )<\/p>\n<p><img fetchpriority=\"high\" decoding=\"async\" class=\"alignnone size-full wp-image-315\" src=\"https:\/\/epilacorre.files.wordpress.com\/2016\/05\/b73ee163417feb748b4e196fe9242d1d.jpg\" alt=\"b73ee163417feb748b4e196fe9242d1d\" width=\"650\" height=\"650\"\/><\/p>\n<p>&nbsp;<\/p>\n","protected":false},"excerpt":{"rendered":"<p>Una instrucci\u00f3n amenaza la celebraci\u00f3n de las carreras en Arag\u00f3n, ya son varias las pruebas suspendidas: III Triatl\u00f3n de Mezalocha, IV cicloturista Ojos de Pontil. etc. y en Madrid van&hellip;<\/p>\n","protected":false},"author":2,"featured_media":0,"comment_status":"open","ping_status":"open","sticky":false,"template":"","format":"standard","meta":{"footnotes":""},"categories":[4],"tags":[],"class_list":["post-306","post","type-post","status-publish","format-standard","hentry","category-uncategorized"],"_links":{"self":[{"href":"https:\/\/epilacorre.com\/index.php\/wp-json\/wp\/v2\/posts\/306","targetHints":{"allow":["GET"]}}],"collection":[{"href":"https:\/\/epilacorre.com\/index.php\/wp-json\/wp\/v2\/posts"}],"about":[{"href":"https:\/\/epilacorre.com\/index.php\/wp-json\/wp\/v2\/types\/post"}],"author":[{"embeddable":true,"href":"https:\/\/epilacorre.com\/index.php\/wp-json\/wp\/v2\/users\/2"}],"replies":[{"embeddable":true,"href":"https:\/\/epilacorre.com\/index.php\/wp-json\/wp\/v2\/comments?post=306"}],"version-history":[{"count":0,"href":"https:\/\/epilacorre.com\/index.php\/wp-json\/wp\/v2\/posts\/306\/revisions"}],"wp:attachment":[{"href":"https:\/\/epilacorre.com\/index.php\/wp-json\/wp\/v2\/media?parent=306"}],"wp:term":[{"taxonomy":"category","embeddable":true,"href":"https:\/\/epilacorre.com\/index.php\/wp-json\/wp\/v2\/categories?post=306"},{"taxonomy":"post_tag","embeddable":true,"href":"https:\/\/epilacorre.com\/index.php\/wp-json\/wp\/v2\/tags?post=306"}],"curies":[{"name":"wp","href":"https:\/\/api.w.org\/{rel}","templated":true}]}}