{"id":3172,"date":"2021-12-15T12:46:52","date_gmt":"2021-12-15T12:46:52","guid":{"rendered":"https:\/\/epilacorre.com\/?p=3172"},"modified":"2021-12-15T12:46:52","modified_gmt":"2021-12-15T12:46:52","slug":"san-silvepila-2021","status":"publish","type":"post","link":"https:\/\/epilacorre.com\/index.php\/2021\/12\/15\/san-silvepila-2021\/","title":{"rendered":"San Silv\u00e9pila 2021"},"content":{"rendered":"<p><img fetchpriority=\"high\" decoding=\"async\" class=\"aligncenter size-full wp-image-3173\" src=\"https:\/\/epilacorre.com\/wp-content\/uploads\/2021\/12\/bdac9980-4937-47b3-aa10-d1a08366aa42.jpg\" alt=\"\" width=\"780\" height=\"1024\" srcset=\"https:\/\/epilacorre.com\/wp-content\/uploads\/2021\/12\/bdac9980-4937-47b3-aa10-d1a08366aa42.jpg 780w, https:\/\/epilacorre.com\/wp-content\/uploads\/2021\/12\/bdac9980-4937-47b3-aa10-d1a08366aa42-229x300.jpg 229w, https:\/\/epilacorre.com\/wp-content\/uploads\/2021\/12\/bdac9980-4937-47b3-aa10-d1a08366aa42-768x1008.jpg 768w, https:\/\/epilacorre.com\/wp-content\/uploads\/2021\/12\/bdac9980-4937-47b3-aa10-d1a08366aa42-230x302.jpg 230w, https:\/\/epilacorre.com\/wp-content\/uploads\/2021\/12\/bdac9980-4937-47b3-aa10-d1a08366aa42-350x459.jpg 350w, https:\/\/epilacorre.com\/wp-content\/uploads\/2021\/12\/bdac9980-4937-47b3-aa10-d1a08366aa42-480x630.jpg 480w\" sizes=\"(max-width: 780px) 100vw, 780px\" \/><\/p>\n<p>Hola a tod@s!!!!&#8230;.Este a\u00f1o si que si&#8230;.<\/p>\n<p>Que celebramos nuestra ya tradicional Sansilv\u00c9pila,<span class=\"pq6dq46d tbxw36s4 knj5qynh kvgmc6g5 ditlmg2l oygrvhab nvdbi5me sf5mxxl7 gl3lb2sf hhz5lgdu\"><img decoding=\"async\" src=\"https:\/\/static.xx.fbcdn.net\/images\/emoji.php\/v9\/t3b\/1\/16\/1f3c3.png\" alt=\"\ud83c\udfc3\" width=\"16\" height=\"16\" \/><\/span><span class=\"pq6dq46d tbxw36s4 knj5qynh kvgmc6g5 ditlmg2l oygrvhab nvdbi5me sf5mxxl7 gl3lb2sf hhz5lgdu\"><img decoding=\"async\" src=\"https:\/\/static.xx.fbcdn.net\/images\/emoji.php\/v9\/te2\/1\/16\/1f6b6.png\" alt=\"\ud83d\udeb6\" width=\"16\" height=\"16\" \/><\/span><span class=\"pq6dq46d tbxw36s4 knj5qynh kvgmc6g5 ditlmg2l oygrvhab nvdbi5me sf5mxxl7 gl3lb2sf hhz5lgdu\"><img decoding=\"async\" src=\"https:\/\/static.xx.fbcdn.net\/images\/emoji.php\/v9\/t3b\/1\/16\/1f3c3.png\" alt=\"\ud83c\udfc3\" width=\"16\" height=\"16\" \/><\/span><span class=\"pq6dq46d tbxw36s4 knj5qynh kvgmc6g5 ditlmg2l oygrvhab nvdbi5me sf5mxxl7 gl3lb2sf hhz5lgdu\"><img decoding=\"async\" src=\"https:\/\/static.xx.fbcdn.net\/images\/emoji.php\/v9\/te2\/1\/16\/1f6b6.png\" alt=\"\ud83d\udeb6\" width=\"16\" height=\"16\" \/><\/span> a beneficio de la AECC.<\/p>\n<p>Tiene que ser diferente, especial, que se note que tenemos ganas. Llenemos nuestras calles de color, de risas, de alegr\u00eda. Por eso os animamos a que veng\u00e1is disfrazados, cada uno de lo que quiera, en grupo, como vosotros quer\u00e1is.<\/p>\n<p>&nbsp;<\/p>\n<p>Ya os pod\u00e9is apuntar a la San Silvepila 2021, en los establecimientos colaboradores.<\/p>\n<p><span style=\"color: #0000ff;\">&#8211;<a style=\"color: #0000ff;\" href=\"https:\/\/www.facebook.com\/Segontina-Pastelera-481533881882479\" target=\"_blank\" rel=\"noopener\">Segontina Pastelera<\/a><\/span><\/p>\n<p><span style=\"color: #0000ff;\">&#8211;<a style=\"color: #0000ff;\" href=\"https:\/\/www.facebook.com\/serendipityepila\" target=\"_blank\" rel=\"noopener\">Serendipity \u00c9pila<\/a><\/span><\/p>\n<p><span style=\"color: #0000ff;\">&#8211;<a style=\"color: #0000ff;\" href=\"https:\/\/www.facebook.com\/pages\/Epila-Inger-Tv\/104273478757024\" target=\"_blank\" rel=\"noopener\">Epila Inger Tv<\/a><\/span><\/p>\n<p><span style=\"color: #0000ff;\">&#8211; <a style=\"color: #0000ff;\" href=\"https:\/\/www.facebook.com\/Epilacorre\" target=\"_blank\" rel=\"noopener\">\u00c9pilacorre\u00a0<\/a><\/span><\/p>\n<p><span style=\"color: #0000ff;\">-Sala Multiusos el mismo dia<\/span><\/p>\n<p>Recordar que no es competitiva y que es a beneficio de la asociaci\u00f3n contra el C\u00e1ncer.<\/p>\n<p>Ven a disfrutar andando o corriendo en buena compa\u00f1\u00eda y colabora con tu inscripci\u00f3n.<\/p>\n<p>Os esperamos a todos el Domingo 26 de diciembre a las 11:30,h\u00a0 <span class=\"pq6dq46d tbxw36s4 knj5qynh kvgmc6g5 ditlmg2l oygrvhab nvdbi5me sf5mxxl7 gl3lb2sf hhz5lgdu\"><img loading=\"lazy\" decoding=\"async\" src=\"https:\/\/static.xx.fbcdn.net\/images\/emoji.php\/v9\/t94\/1\/16\/1f49a.png\" alt=\"\ud83d\udc9a\" width=\"16\" height=\"16\" \/><\/span><span class=\"pq6dq46d tbxw36s4 knj5qynh kvgmc6g5 ditlmg2l oygrvhab nvdbi5me sf5mxxl7 gl3lb2sf hhz5lgdu\"><img loading=\"lazy\" decoding=\"async\" src=\"https:\/\/static.xx.fbcdn.net\/images\/emoji.php\/v9\/t94\/1\/16\/1f49a.png\" alt=\"\ud83d\udc9a\" width=\"16\" height=\"16\" \/><\/span><span class=\"pq6dq46d tbxw36s4 knj5qynh kvgmc6g5 ditlmg2l oygrvhab nvdbi5me sf5mxxl7 gl3lb2sf hhz5lgdu\"><img loading=\"lazy\" decoding=\"async\" src=\"https:\/\/static.xx.fbcdn.net\/images\/emoji.php\/v9\/t94\/1\/16\/1f49a.png\" alt=\"\ud83d\udc9a\" width=\"16\" height=\"16\" \/><\/span><span class=\"pq6dq46d tbxw36s4 knj5qynh kvgmc6g5 ditlmg2l oygrvhab nvdbi5me sf5mxxl7 gl3lb2sf hhz5lgdu\"><img loading=\"lazy\" decoding=\"async\" src=\"https:\/\/static.xx.fbcdn.net\/images\/emoji.php\/v9\/t94\/1\/16\/1f49a.png\" alt=\"\ud83d\udc9a\" width=\"16\" height=\"16\" \/><\/span><span class=\"pq6dq46d tbxw36s4 knj5qynh kvgmc6g5 ditlmg2l oygrvhab nvdbi5me sf5mxxl7 gl3lb2sf hhz5lgdu\"><img loading=\"lazy\" decoding=\"async\" src=\"https:\/\/static.xx.fbcdn.net\/images\/emoji.php\/v9\/t94\/1\/16\/1f49a.png\" alt=\"\ud83d\udc9a\" width=\"16\" height=\"16\" \/><\/span><span class=\"pq6dq46d tbxw36s4 knj5qynh kvgmc6g5 ditlmg2l oygrvhab nvdbi5me sf5mxxl7 gl3lb2sf hhz5lgdu\"><img loading=\"lazy\" decoding=\"async\" src=\"https:\/\/static.xx.fbcdn.net\/images\/emoji.php\/v9\/t94\/1\/16\/1f49a.png\" alt=\"\ud83d\udc9a\" width=\"16\" height=\"16\" \/><\/span><span class=\"pq6dq46d tbxw36s4 knj5qynh kvgmc6g5 ditlmg2l oygrvhab nvdbi5me sf5mxxl7 gl3lb2sf hhz5lgdu\"><img loading=\"lazy\" decoding=\"async\" src=\"https:\/\/static.xx.fbcdn.net\/images\/emoji.php\/v9\/t94\/1\/16\/1f49a.png\" alt=\"\ud83d\udc9a\" width=\"16\" height=\"16\" \/><\/span><span class=\"pq6dq46d tbxw36s4 knj5qynh kvgmc6g5 ditlmg2l oygrvhab nvdbi5me sf5mxxl7 gl3lb2sf hhz5lgdu\"><img loading=\"lazy\" decoding=\"async\" src=\"https:\/\/static.xx.fbcdn.net\/images\/emoji.php\/v9\/t94\/1\/16\/1f49a.png\" alt=\"\ud83d\udc9a\" width=\"16\" height=\"16\" \/><\/span><span class=\"pq6dq46d tbxw36s4 knj5qynh kvgmc6g5 ditlmg2l oygrvhab nvdbi5me sf5mxxl7 gl3lb2sf hhz5lgdu\"><img loading=\"lazy\" decoding=\"async\" src=\"https:\/\/static.xx.fbcdn.net\/images\/emoji.php\/v9\/t94\/1\/16\/1f49a.png\" alt=\"\ud83d\udc9a\" width=\"16\" height=\"16\" \/><\/span><\/p>\n<p>..<a class=\"oajrlxb2 g5ia77u1 qu0x051f esr5mh6w e9989ue4 r7d6kgcz rq0escxv nhd2j8a9 nc684nl6 p7hjln8o kvgmc6g5 cxmmr5t8 oygrvhab hcukyx3x jb3vyjys rz4wbd8a qt6c0cv9 a8nywdso i1ao9s8h esuyzwwr f1sip0of lzcic4wl gpro0wi8 q66pz984 b1v8xokw\" tabindex=\"0\" role=\"link\" href=\"https:\/\/www.facebook.com\/hashtag\/asociacionespa%C3%B1olacontraelcancer?__eep__=6&amp;__cft__[0]=AZV6IEXGhg96urYPYxEEQsO2G1M02DPWB-8b3kQXoev6gQBngbpda7Cgfx8xdOpTpEPXAYK3QMbLtYQArG03JRk_ikgplWqEFXUIqFe7HatKTbIUugBdZljbgJgVyQNdAWo&amp;__tn__=*NK-R\">#asociacionespa\u00f1olacontraelcancer<\/a>#juntossomosmasfuertes<\/p>\n<p>&nbsp;<\/p>\n<p>Plano del recorrido y enlace a Wikiloc<br \/>\n<iframe src=\"https:\/\/es.wikiloc.com\/wikiloc\/spatialArtifacts.do?event=view&amp;id=30955257&amp;measures=off&amp;title=off&amp;near=off&amp;images=off&amp;maptype=H\" width=\"500\" height=\"400\" frameborder=\"0\" scrolling=\"no\"><\/iframe><\/p>\n<div style=\"color: #777; font-size: 11px; line-height: 16px;\">Powered by <a style=\"color: #06d; font-size: 11px; line-height: 16px;\" href=\"https:\/\/es.wikiloc.com\" target=\"_blank\" rel=\"noopener\">Wikiloc<\/a><\/div>\n<div><\/div>\n<div><\/div>\n<div><span style=\"color: #0000ff;\"><a style=\"color: #0000ff;\" href=\"https:\/\/www.strava.com\/segments\/30587665\">Segmento strava San Silv\u00e9pila<\/a><\/span><\/div>\n","protected":false},"excerpt":{"rendered":"<p>Hola a tod@s!!!!&#8230;.Este a\u00f1o si que si&#8230;. Que celebramos nuestra ya tradicional Sansilv\u00c9pila, a beneficio de la AECC. Tiene que ser diferente, especial, que se note que tenemos ganas. Llenemos&hellip;<\/p>\n","protected":false},"author":2,"featured_media":3173,"comment_status":"open","ping_status":"open","sticky":false,"template":"","format":"standard","meta":{"footnotes":""},"categories":[1],"tags":[],"class_list":["post-3172","post","type-post","status-publish","format-standard","has-post-thumbnail","hentry","category-sin-categoria"],"_links":{"self":[{"href":"https:\/\/epilacorre.com\/index.php\/wp-json\/wp\/v2\/posts\/3172","targetHints":{"allow":["GET"]}}],"collection":[{"href":"https:\/\/epilacorre.com\/index.php\/wp-json\/wp\/v2\/posts"}],"about":[{"href":"https:\/\/epilacorre.com\/index.php\/wp-json\/wp\/v2\/types\/post"}],"author":[{"embeddable":true,"href":"https:\/\/epilacorre.com\/index.php\/wp-json\/wp\/v2\/users\/2"}],"replies":[{"embeddable":true,"href":"https:\/\/epilacorre.com\/index.php\/wp-json\/wp\/v2\/comments?post=3172"}],"version-history":[{"count":2,"href":"https:\/\/epilacorre.com\/index.php\/wp-json\/wp\/v2\/posts\/3172\/revisions"}],"predecessor-version":[{"id":3175,"href":"https:\/\/epilacorre.com\/index.php\/wp-json\/wp\/v2\/posts\/3172\/revisions\/3175"}],"wp:featuredmedia":[{"embeddable":true,"href":"https:\/\/epilacorre.com\/index.php\/wp-json\/wp\/v2\/media\/3173"}],"wp:attachment":[{"href":"https:\/\/epilacorre.com\/index.php\/wp-json\/wp\/v2\/media?parent=3172"}],"wp:term":[{"taxonomy":"category","embeddable":true,"href":"https:\/\/epilacorre.com\/index.php\/wp-json\/wp\/v2\/categories?post=3172"},{"taxonomy":"post_tag","embeddable":true,"href":"https:\/\/epilacorre.com\/index.php\/wp-json\/wp\/v2\/tags?post=3172"}],"curies":[{"name":"wp","href":"https:\/\/api.w.org\/{rel}","templated":true}]}}