{"id":3301,"date":"2022-03-31T19:17:05","date_gmt":"2022-03-31T19:17:05","guid":{"rendered":"https:\/\/epilacorre.com\/?p=3301"},"modified":"2025-06-06T18:52:21","modified_gmt":"2025-06-06T18:52:21","slug":"xxxix-edicion-de-la-subida-a-rodanas-memorial-cecilio-callejas","status":"publish","type":"post","link":"https:\/\/epilacorre.com\/index.php\/2022\/03\/31\/xxxix-edicion-de-la-subida-a-rodanas-memorial-cecilio-callejas\/","title":{"rendered":"XXXIX edici\u00f3n de la Subida a Rodanas, Memorial Cecilio Callejas."},"content":{"rendered":"<p>&nbsp;<\/p>\n<p>Esperamos continuar con el legado e ilusi\u00f3n, que \u00e9l nos inculco a todos los que tuvimos la suerte de disfrutar alg\u00fan km o charrada con \u00e9l. Que se vea la ilusi\u00f3n, las ganas de entrenar, competir y crecer que tiene \u00c9pila.<\/p>\n<p>Solo por terminar la prueba (esta y todas) ya es memorable, pero ver como realizan la prueba algunos atletas es alucinante. Una prueba exigente, que algunos realizan a unos ritmos de aut\u00e9nticos profesionales.\u00a0 Atletas que son amigos, que llev\u00e1bamos tiempo sin ver, competir y abrazar.<\/p>\n<p><img fetchpriority=\"high\" decoding=\"async\" class=\"aligncenter size-medium wp-image-3303\" src=\"https:\/\/epilacorre.com\/wp-content\/uploads\/2022\/03\/DSC_6415-300x200.jpg\" alt=\"\" width=\"300\" height=\"200\" srcset=\"https:\/\/epilacorre.com\/wp-content\/uploads\/2022\/03\/DSC_6415-300x200.jpg 300w, https:\/\/epilacorre.com\/wp-content\/uploads\/2022\/03\/DSC_6415-1024x683.jpg 1024w, https:\/\/epilacorre.com\/wp-content\/uploads\/2022\/03\/DSC_6415-768x512.jpg 768w, https:\/\/epilacorre.com\/wp-content\/uploads\/2022\/03\/DSC_6415-1536x1024.jpg 1536w, https:\/\/epilacorre.com\/wp-content\/uploads\/2022\/03\/DSC_6415-2048x1365.jpg 2048w, https:\/\/epilacorre.com\/wp-content\/uploads\/2022\/03\/DSC_6415-920x613.jpg 920w, https:\/\/epilacorre.com\/wp-content\/uploads\/2022\/03\/DSC_6415-230x153.jpg 230w, https:\/\/epilacorre.com\/wp-content\/uploads\/2022\/03\/DSC_6415-350x233.jpg 350w, https:\/\/epilacorre.com\/wp-content\/uploads\/2022\/03\/DSC_6415-480x320.jpg 480w\" sizes=\"(max-width: 300px) 100vw, 300px\" \/><\/p>\n<p>A punto estuvo Sergio Latorre de batir el r\u00e9cord de la prueba con sus 53\u00b427\u201d (R\u00e9cord impuesto en 2011 por Said El Wardi con\u00a0 52\u00b419\u201d) Esperemos contar con Sergio en la pr\u00f3xima edici\u00f3n y que pulverice dicho r\u00e9cord.<\/p>\n<p><img decoding=\"async\" class=\"aligncenter size-medium wp-image-3304\" src=\"https:\/\/epilacorre.com\/wp-content\/uploads\/2022\/03\/DSC_6515-300x200.jpg\" alt=\"\" width=\"300\" height=\"200\" srcset=\"https:\/\/epilacorre.com\/wp-content\/uploads\/2022\/03\/DSC_6515-300x200.jpg 300w, https:\/\/epilacorre.com\/wp-content\/uploads\/2022\/03\/DSC_6515-1024x683.jpg 1024w, https:\/\/epilacorre.com\/wp-content\/uploads\/2022\/03\/DSC_6515-768x512.jpg 768w, https:\/\/epilacorre.com\/wp-content\/uploads\/2022\/03\/DSC_6515-1536x1024.jpg 1536w, https:\/\/epilacorre.com\/wp-content\/uploads\/2022\/03\/DSC_6515-2048x1365.jpg 2048w, https:\/\/epilacorre.com\/wp-content\/uploads\/2022\/03\/DSC_6515-920x613.jpg 920w, https:\/\/epilacorre.com\/wp-content\/uploads\/2022\/03\/DSC_6515-230x153.jpg 230w, https:\/\/epilacorre.com\/wp-content\/uploads\/2022\/03\/DSC_6515-350x233.jpg 350w, https:\/\/epilacorre.com\/wp-content\/uploads\/2022\/03\/DSC_6515-480x320.jpg 480w\" sizes=\"(max-width: 300px) 100vw, 300px\" \/><\/p>\n<p>En la categor\u00eda femenina ocurri\u00f3 casi lo mismo, Lorena Plano estuvo cerca de\u00a0 batir el r\u00e9cord femenino con su 1h 07\u00b4 30\u201d (R\u00e9cord \u00a0de Mari Carmen F\u00e9lix\u00a0 1h 06\u00b424\u201d del 2011 tambi\u00e9n)<\/p>\n<p><img decoding=\"async\" class=\"aligncenter size-medium wp-image-3305\" src=\"https:\/\/epilacorre.com\/wp-content\/uploads\/2022\/03\/DSC_6437copia-300x223.jpg\" alt=\"\" width=\"300\" height=\"223\" srcset=\"https:\/\/epilacorre.com\/wp-content\/uploads\/2022\/03\/DSC_6437copia-300x223.jpg 300w, https:\/\/epilacorre.com\/wp-content\/uploads\/2022\/03\/DSC_6437copia-230x171.jpg 230w, https:\/\/epilacorre.com\/wp-content\/uploads\/2022\/03\/DSC_6437copia-350x261.jpg 350w, https:\/\/epilacorre.com\/wp-content\/uploads\/2022\/03\/DSC_6437copia-480x357.jpg 480w, https:\/\/epilacorre.com\/wp-content\/uploads\/2022\/03\/DSC_6437copia.jpg 670w\" sizes=\"(max-width: 300px) 100vw, 300px\" \/><\/p>\n<p>En la categor\u00eda local (con los datos que yo tengo) tiene el record Iv\u00e1n Ruiz Sola con un tiempo de 56\u00b431\u201d aunque con la progresi\u00f3n que lleva, nos atrevemos a pronosticar que volver\u00e1 a bajar ese tiempo.<\/p>\n<p>Pero este a\u00f1o se ha batido un r\u00e9cord muy importante, el de f\u00e9minas locales, completando todas ellas la prueba. Adem\u00e1s de gran participaci\u00f3n local masculina y de pruebas escolares. \u00c9pilacorre va creciendo y sus actividades se notan. El grupo de entreno adulto, la escuela de triatl\u00f3n infantil y el grupo de \u00c9pilacorre Triatl\u00f3n (que en su primer a\u00f1o no para de recibir elogios)<\/p>\n<p><img loading=\"lazy\" decoding=\"async\" class=\"aligncenter size-medium wp-image-3302\" src=\"https:\/\/epilacorre.com\/wp-content\/uploads\/2022\/03\/DSC_6397-300x200.jpg\" alt=\"\" width=\"300\" height=\"200\" srcset=\"https:\/\/epilacorre.com\/wp-content\/uploads\/2022\/03\/DSC_6397-300x200.jpg 300w, https:\/\/epilacorre.com\/wp-content\/uploads\/2022\/03\/DSC_6397-1024x683.jpg 1024w, https:\/\/epilacorre.com\/wp-content\/uploads\/2022\/03\/DSC_6397-768x512.jpg 768w, https:\/\/epilacorre.com\/wp-content\/uploads\/2022\/03\/DSC_6397-1536x1024.jpg 1536w, https:\/\/epilacorre.com\/wp-content\/uploads\/2022\/03\/DSC_6397-2048x1365.jpg 2048w, https:\/\/epilacorre.com\/wp-content\/uploads\/2022\/03\/DSC_6397-920x613.jpg 920w, https:\/\/epilacorre.com\/wp-content\/uploads\/2022\/03\/DSC_6397-230x153.jpg 230w, https:\/\/epilacorre.com\/wp-content\/uploads\/2022\/03\/DSC_6397-350x233.jpg 350w, https:\/\/epilacorre.com\/wp-content\/uploads\/2022\/03\/DSC_6397-480x320.jpg 480w\" sizes=\"(max-width: 300px) 100vw, 300px\" \/><\/p>\n<p>Y ahora, a pasar un buen rato viendo unas cuantas fotos de la prueba, cortes\u00eda de Raul Mart\u00edn y un servidor.<\/p>\n<p><a href=\"https:\/\/www.amazon.es\/photos\/share\/IocqC6Q15ImblJoKJf1jduJGClzOVi8Zz3vWCQhomYG\" target=\"_blank\" rel=\"noopener\"><img loading=\"lazy\" decoding=\"async\" class=\"aligncenter wp-image-3284 size-medium\" src=\"https:\/\/epilacorre.com\/wp-content\/uploads\/2022\/03\/89-892702_hand-click-png-288x300.jpg\" alt=\"\" width=\"288\" height=\"300\" srcset=\"https:\/\/epilacorre.com\/wp-content\/uploads\/2022\/03\/89-892702_hand-click-png-288x300.jpg 288w, https:\/\/epilacorre.com\/wp-content\/uploads\/2022\/03\/89-892702_hand-click-png-768x801.jpg 768w, https:\/\/epilacorre.com\/wp-content\/uploads\/2022\/03\/89-892702_hand-click-png-230x240.jpg 230w, https:\/\/epilacorre.com\/wp-content\/uploads\/2022\/03\/89-892702_hand-click-png-350x365.jpg 350w, https:\/\/epilacorre.com\/wp-content\/uploads\/2022\/03\/89-892702_hand-click-png-480x501.jpg 480w, https:\/\/epilacorre.com\/wp-content\/uploads\/2022\/03\/89-892702_hand-click-png.jpg 920w\" sizes=\"(max-width: 288px) 100vw, 288px\" \/><\/a><\/p>\n","protected":false},"excerpt":{"rendered":"<p>&nbsp; Esperamos continuar con el legado e ilusi\u00f3n, que \u00e9l nos inculco a todos los que tuvimos la suerte de disfrutar alg\u00fan km o charrada con \u00e9l. Que se vea&hellip;<\/p>\n","protected":false},"author":2,"featured_media":3227,"comment_status":"open","ping_status":"open","sticky":false,"template":"","format":"standard","meta":{"footnotes":""},"categories":[1],"tags":[21],"class_list":["post-3301","post","type-post","status-publish","format-standard","has-post-thumbnail","hentry","category-sin-categoria","tag-noticias"],"_links":{"self":[{"href":"https:\/\/epilacorre.com\/index.php\/wp-json\/wp\/v2\/posts\/3301","targetHints":{"allow":["GET"]}}],"collection":[{"href":"https:\/\/epilacorre.com\/index.php\/wp-json\/wp\/v2\/posts"}],"about":[{"href":"https:\/\/epilacorre.com\/index.php\/wp-json\/wp\/v2\/types\/post"}],"author":[{"embeddable":true,"href":"https:\/\/epilacorre.com\/index.php\/wp-json\/wp\/v2\/users\/2"}],"replies":[{"embeddable":true,"href":"https:\/\/epilacorre.com\/index.php\/wp-json\/wp\/v2\/comments?post=3301"}],"version-history":[{"count":1,"href":"https:\/\/epilacorre.com\/index.php\/wp-json\/wp\/v2\/posts\/3301\/revisions"}],"predecessor-version":[{"id":3306,"href":"https:\/\/epilacorre.com\/index.php\/wp-json\/wp\/v2\/posts\/3301\/revisions\/3306"}],"wp:featuredmedia":[{"embeddable":true,"href":"https:\/\/epilacorre.com\/index.php\/wp-json\/wp\/v2\/media\/3227"}],"wp:attachment":[{"href":"https:\/\/epilacorre.com\/index.php\/wp-json\/wp\/v2\/media?parent=3301"}],"wp:term":[{"taxonomy":"category","embeddable":true,"href":"https:\/\/epilacorre.com\/index.php\/wp-json\/wp\/v2\/categories?post=3301"},{"taxonomy":"post_tag","embeddable":true,"href":"https:\/\/epilacorre.com\/index.php\/wp-json\/wp\/v2\/tags?post=3301"}],"curies":[{"name":"wp","href":"https:\/\/api.w.org\/{rel}","templated":true}]}}