{"id":3401,"date":"2022-05-22T17:00:28","date_gmt":"2022-05-22T17:00:28","guid":{"rendered":"https:\/\/epilacorre.com\/?p=3401"},"modified":"2022-05-29T21:30:52","modified_gmt":"2022-05-29T21:30:52","slug":"iv-trail-villa-de-epila-rodanas-trail-race","status":"publish","type":"post","link":"https:\/\/epilacorre.com\/index.php\/2022\/05\/22\/iv-trail-villa-de-epila-rodanas-trail-race\/","title":{"rendered":"IV Trail Villa de \u00c9pila &#8220;Rodanas Trail Race&#8221;"},"content":{"rendered":"<h2>IV Trail villa de \u00c9pila &#8220;Rodanas Trail Race&#8221;<\/h2>\n<p>Permitirme explayarme un poco antes de empezar.<\/p>\n<p>Lo primero <strong>dar las gracias a todos los amigos y familia<\/strong>, a los que he enfrascado como voluntarios y me han consentido grandes ausencias y p\u00e9rdidas de tiempo sin ellos. (En especial a mi mujer y mi hija. A mi hermano <strong>Dieguete<\/strong>, a mi sobrino <strong>Pacorro<\/strong>). A David <strong>\u201cCarranzas\u201d<\/strong> (\u00e9l es el que paso calor en la brasa, para hacer 300 longanizas) Dar las gracias <strong>a todos los miembros de la directiva de Epilacorre,<\/strong> pero en especial a <strong>Paco, Javier y To\u00f1o<\/strong>, sin ellos&nbsp; esto no hubiese sido posible.<img fetchpriority=\"high\" decoding=\"async\" src=\"https:\/\/epilacorre.com\/wp-content\/uploads\/2022\/05\/WhatsApp-Image-2022-05-14-at-8.55.33-AM-300x225.jpeg\" class=\"aligncenter size-medium wp-image-3437\" width=\"300\" height=\"225\" alt=\"\" srcset=\"https:\/\/epilacorre.com\/wp-content\/uploads\/2022\/05\/WhatsApp-Image-2022-05-14-at-8.55.33-AM-300x225.jpeg 300w, https:\/\/epilacorre.com\/wp-content\/uploads\/2022\/05\/WhatsApp-Image-2022-05-14-at-8.55.33-AM-1024x768.jpeg 1024w, https:\/\/epilacorre.com\/wp-content\/uploads\/2022\/05\/WhatsApp-Image-2022-05-14-at-8.55.33-AM-768x576.jpeg 768w, https:\/\/epilacorre.com\/wp-content\/uploads\/2022\/05\/WhatsApp-Image-2022-05-14-at-8.55.33-AM-1536x1152.jpeg 1536w, https:\/\/epilacorre.com\/wp-content\/uploads\/2022\/05\/WhatsApp-Image-2022-05-14-at-8.55.33-AM-920x690.jpeg 920w, https:\/\/epilacorre.com\/wp-content\/uploads\/2022\/05\/WhatsApp-Image-2022-05-14-at-8.55.33-AM-230x173.jpeg 230w, https:\/\/epilacorre.com\/wp-content\/uploads\/2022\/05\/WhatsApp-Image-2022-05-14-at-8.55.33-AM-350x263.jpeg 350w, https:\/\/epilacorre.com\/wp-content\/uploads\/2022\/05\/WhatsApp-Image-2022-05-14-at-8.55.33-AM-480x360.jpeg 480w, https:\/\/epilacorre.com\/wp-content\/uploads\/2022\/05\/WhatsApp-Image-2022-05-14-at-8.55.33-AM-1320x990.jpeg 1320w, https:\/\/epilacorre.com\/wp-content\/uploads\/2022\/05\/WhatsApp-Image-2022-05-14-at-8.55.33-AM.jpeg 2048w\" sizes=\"(max-width: 300px) 100vw, 300px\" \/><\/p>\n<p>Menci\u00f3n especial al <strong>Club de Monta\u00f1a Rodanas<\/strong>, que casi en pleno, acudieron en mi ayuda como voluntarios. A todos los voluntarios que desinteresadamente pusieron su tiempo y buen hacer (Susana, Isabel, Marta, Gregorio, Camacho, Ra\u00fal, Molina, Arona, Sara, Julio, Adolfo, Kubala, Callejas y Fusti) &nbsp;y sus veh\u00edculos (<strong>Luis, Ruben, Latorre y Pacorro<\/strong>)<\/p>\n<p><strong>&nbsp;Dar las gracias a patrocinadores y colaboradores<\/strong>, los que cada uno dentro de sus posibilidades, nos han apoyado. A los cuales intentamos devolver parte de su favor utilizando y consumiendo sus servicios.<\/p>\n<p><strong>Asociaci\u00f3n de Vecinos \u00c9pila, Talleres Multicentro Latorre, Peluquer\u00eda Susana , Bar Cafeter\u00eda Pacos, C\u00e1rnicas Lifara, Bar Vanguard, &nbsp;Ferreter\u00eda \u00c9pila, InmoBoss, Auto Lanceros, Construcciones LRG, Bar de Rodanas, Montajes El\u00e9ctricos Barraqueta, Gestor\u00eda Molina, David Garc\u00eda &#8220;Catalana Occidente\u201d , La Caixa \u00c9pila, Grupo Logi, Graficas Anad\u00f3n, Talleres Calder\u00f3n, Control de Plagas Adiego, Reformas y pinturas Jes\u00fas Guerrero, Carnicer\u00eda Murillo, Serendipity \u00c9pila y Quiromasaje Enrique Serrano<\/strong> (el cual no pudo estar ofreciendo sus servicios, por un accidente de tr\u00e1fico mientras sub\u00eda a Rodanas) \u00a1\u00a1\u00a1Animo Quique!!<\/p>\n<p><img decoding=\"async\" src=\"https:\/\/epilacorre.com\/wp-content\/uploads\/2022\/04\/Imagen057-300x187.jpg\" class=\"aligncenter size-medium wp-image-3307\" width=\"300\" height=\"187\" alt=\"\" srcset=\"https:\/\/epilacorre.com\/wp-content\/uploads\/2022\/04\/Imagen057-300x187.jpg 300w, https:\/\/epilacorre.com\/wp-content\/uploads\/2022\/04\/Imagen057-1024x637.jpg 1024w, https:\/\/epilacorre.com\/wp-content\/uploads\/2022\/04\/Imagen057-768x478.jpg 768w, https:\/\/epilacorre.com\/wp-content\/uploads\/2022\/04\/Imagen057-1536x955.jpg 1536w, https:\/\/epilacorre.com\/wp-content\/uploads\/2022\/04\/Imagen057-2048x1274.jpg 2048w, https:\/\/epilacorre.com\/wp-content\/uploads\/2022\/04\/Imagen057-920x572.jpg 920w, https:\/\/epilacorre.com\/wp-content\/uploads\/2022\/04\/Imagen057-230x143.jpg 230w, https:\/\/epilacorre.com\/wp-content\/uploads\/2022\/04\/Imagen057-350x218.jpg 350w, https:\/\/epilacorre.com\/wp-content\/uploads\/2022\/04\/Imagen057-480x299.jpg 480w\" sizes=\"(max-width: 300px) 100vw, 300px\" \/><\/p>\n<p>Lo segundo <strong>dar las gracias todos los participantes que han confiado en una prueba humilde, en una localizaci\u00f3n desconocida por muchos<\/strong>. Pensada por corredores para corredores. Y creada con toda la ilusi\u00f3n. En la que esperamos descubrierais parte del entorno del Santuario de Rodanas y os encantara tanto como a nosotros.<\/p>\n<p><strong>Os quiero volver a pedir disculpas por los fallos o errores que se pudieron cometer<\/strong>. <strong>Hemos tomado buena nota y estamos convencidos de no volver a repetirlos en un futuro. Espero entendierais los motivos que ocasionaron uno de ellos<\/strong>.<\/p>\n<p>&nbsp;<\/p>\n<p><strong>Dar las gracias al Ayuntamiento de \u00c9pila<\/strong> por todo su apoyo y respaldo en todas las actividades que realizamos, desde <strong>Carlos, Sara, David, Adolfo, Jes\u00fas, <\/strong>hasta<strong> Marimer<\/strong>. <strong>Muchas Gracias por escucharnos y brindarnos apoyo en todo lo que os solicitamos<\/strong>. Pero esto no quiere decir, que no continuemos siendo un mosca coj&#8230;era con la petici\u00f3n de los <strong>vestuarios de Rodanas<\/strong> y la <strong>pista de atletismo<\/strong>.<\/p>\n<p>Y nos confirman que: <strong>\u00a1\u00a1\u00a1 La pr\u00f3xima edici\u00f3n estar\u00e1n los vestuarios!!!&nbsp; GRACIAS<\/strong><\/p>\n<p><img decoding=\"async\" src=\"https:\/\/epilacorre.com\/wp-content\/uploads\/2022\/05\/Logo-Ayuntamiento-de-Epila-300x225.jpg\" class=\"aligncenter size-medium wp-image-3440\" width=\"300\" height=\"225\" alt=\"\" srcset=\"https:\/\/epilacorre.com\/wp-content\/uploads\/2022\/05\/Logo-Ayuntamiento-de-Epila-300x225.jpg 300w, https:\/\/epilacorre.com\/wp-content\/uploads\/2022\/05\/Logo-Ayuntamiento-de-Epila-230x172.jpg 230w, https:\/\/epilacorre.com\/wp-content\/uploads\/2022\/05\/Logo-Ayuntamiento-de-Epila-350x262.jpg 350w, https:\/\/epilacorre.com\/wp-content\/uploads\/2022\/05\/Logo-Ayuntamiento-de-Epila.jpg 454w\" sizes=\"(max-width: 300px) 100vw, 300px\" \/><\/p>\n<h2 style=\"text-align: center\"><strong>IV Trail villa de \u00c9pila &#8220;Rodanas Trail Race&#8221;<\/strong><\/h2>\n<p>Las previsiones eran de mucho calor, pero el d\u00eda respeto un poco al estar nublado. Viendo&nbsp; un mont\u00f3n de caras conocidas (amigos y muchos considerados como familia) adem\u00e1s de muchas nuevas caras que esperamos volver a ver.<\/p>\n<p><strong>A las 9 en punto<\/strong>, sal\u00edan <strong>38 valientes<\/strong> de los 49 inscritos en la prueba reina que con tanto cari\u00f1o hab\u00edamos preparado.<\/p>\n<p>Tras <strong>1 hora 56 minutos y 50 segundos<\/strong>, llegaba don <strong>David Rebullida Fabra<\/strong> (pedazo de carreron que se marco este veterano corredor) el cual se me paso sin ponerle la cinta de meta <strong>(otra disculpa mas)<img loading=\"lazy\" decoding=\"async\" src=\"https:\/\/epilacorre.com\/wp-content\/uploads\/2022\/05\/DSC_6556-200x300.jpg\" class=\"aligncenter size-medium wp-image-3453\" width=\"200\" height=\"300\" alt=\"\" srcset=\"https:\/\/epilacorre.com\/wp-content\/uploads\/2022\/05\/DSC_6556-200x300.jpg 200w, https:\/\/epilacorre.com\/wp-content\/uploads\/2022\/05\/DSC_6556-683x1024.jpg 683w, https:\/\/epilacorre.com\/wp-content\/uploads\/2022\/05\/DSC_6556-768x1152.jpg 768w, https:\/\/epilacorre.com\/wp-content\/uploads\/2022\/05\/DSC_6556-1024x1536.jpg 1024w, https:\/\/epilacorre.com\/wp-content\/uploads\/2022\/05\/DSC_6556-1365x2048.jpg 1365w, https:\/\/epilacorre.com\/wp-content\/uploads\/2022\/05\/DSC_6556-920x1380.jpg 920w, https:\/\/epilacorre.com\/wp-content\/uploads\/2022\/05\/DSC_6556-230x345.jpg 230w, https:\/\/epilacorre.com\/wp-content\/uploads\/2022\/05\/DSC_6556-350x525.jpg 350w, https:\/\/epilacorre.com\/wp-content\/uploads\/2022\/05\/DSC_6556-480x720.jpg 480w, https:\/\/epilacorre.com\/wp-content\/uploads\/2022\/05\/DSC_6556-1320x1980.jpg 1320w, https:\/\/epilacorre.com\/wp-content\/uploads\/2022\/05\/DSC_6556-scaled.jpg 1707w\" sizes=\"(max-width: 200px) 100vw, 200px\" \/><\/strong> Tras \u00e9l, con <strong>2 horas&nbsp; 7 minutos y 16 segundos,<\/strong> llegaba&nbsp; el corredor epilense afincado en Zaragoza&nbsp; <strong>Diego Remiro Aso<\/strong>, del Zenit,. Seguido por <strong>2 horas 13 minutos y 15 segundos<\/strong> por&nbsp; <strong>Emilio Lamata Ca\u00f1ada<\/strong>, del Obtavus Triatlon. Miembro de una familia de grandes&nbsp; amigos del Epilacorre. (Aurora, Laura y Alfredo, fieles a cualquier llamada).&nbsp; Llev\u00e1ndose el premio Strava \u201cCol de Luis\u201d de Carnicer\u00eda Murillo, otro amigo, <strong>Luis Adrian Melendez Galindo<\/strong> \u201cel Adri de Cari\u00f1e\u00f1a\u201d que tiene de parque de recreo Algairen.<img loading=\"lazy\" decoding=\"async\" src=\"https:\/\/epilacorre.com\/wp-content\/uploads\/2022\/05\/DSC_6568-200x300.jpg\" class=\"aligncenter size-medium wp-image-3455\" width=\"200\" height=\"300\" alt=\"\" srcset=\"https:\/\/epilacorre.com\/wp-content\/uploads\/2022\/05\/DSC_6568-200x300.jpg 200w, https:\/\/epilacorre.com\/wp-content\/uploads\/2022\/05\/DSC_6568-683x1024.jpg 683w, https:\/\/epilacorre.com\/wp-content\/uploads\/2022\/05\/DSC_6568-768x1152.jpg 768w, https:\/\/epilacorre.com\/wp-content\/uploads\/2022\/05\/DSC_6568-1024x1536.jpg 1024w, https:\/\/epilacorre.com\/wp-content\/uploads\/2022\/05\/DSC_6568-1365x2048.jpg 1365w, https:\/\/epilacorre.com\/wp-content\/uploads\/2022\/05\/DSC_6568-920x1380.jpg 920w, https:\/\/epilacorre.com\/wp-content\/uploads\/2022\/05\/DSC_6568-230x345.jpg 230w, https:\/\/epilacorre.com\/wp-content\/uploads\/2022\/05\/DSC_6568-350x525.jpg 350w, https:\/\/epilacorre.com\/wp-content\/uploads\/2022\/05\/DSC_6568-480x720.jpg 480w, https:\/\/epilacorre.com\/wp-content\/uploads\/2022\/05\/DSC_6568-1320x1980.jpg 1320w, https:\/\/epilacorre.com\/wp-content\/uploads\/2022\/05\/DSC_6568-scaled.jpg 1707w\" sizes=\"(max-width: 200px) 100vw, 200px\" \/><\/p>\n<p>&nbsp;<\/p>\n<p>Bueno bueno,&nbsp;<strong> hablando de suerte<\/strong>, si t\u00fa buscas en wikipedia persona con suerte, te aparece <strong>Vanesa Martinez Hansen<\/strong>. <img loading=\"lazy\" decoding=\"async\" src=\"https:\/\/epilacorre.com\/wp-content\/uploads\/2022\/05\/DSC_6548-200x300.jpg\" class=\"alignleft size-medium wp-image-3451\" width=\"200\" height=\"300\" alt=\"\" srcset=\"https:\/\/epilacorre.com\/wp-content\/uploads\/2022\/05\/DSC_6548-200x300.jpg 200w, https:\/\/epilacorre.com\/wp-content\/uploads\/2022\/05\/DSC_6548-683x1024.jpg 683w, https:\/\/epilacorre.com\/wp-content\/uploads\/2022\/05\/DSC_6548-768x1152.jpg 768w, https:\/\/epilacorre.com\/wp-content\/uploads\/2022\/05\/DSC_6548-1024x1536.jpg 1024w, https:\/\/epilacorre.com\/wp-content\/uploads\/2022\/05\/DSC_6548-1365x2048.jpg 1365w, https:\/\/epilacorre.com\/wp-content\/uploads\/2022\/05\/DSC_6548-920x1380.jpg 920w, https:\/\/epilacorre.com\/wp-content\/uploads\/2022\/05\/DSC_6548-230x345.jpg 230w, https:\/\/epilacorre.com\/wp-content\/uploads\/2022\/05\/DSC_6548-350x525.jpg 350w, https:\/\/epilacorre.com\/wp-content\/uploads\/2022\/05\/DSC_6548-480x720.jpg 480w, https:\/\/epilacorre.com\/wp-content\/uploads\/2022\/05\/DSC_6548-1320x1980.jpg 1320w, https:\/\/epilacorre.com\/wp-content\/uploads\/2022\/05\/DSC_6548-scaled.jpg 1707w\" sizes=\"(max-width: 200px) 100vw, 200px\" \/>Que si, que si, suerte es que te toque un dorsal en Territorio Trail Media para la Rodanas Trail Race, que te toque en sorteo el regalo de <strong>Serendipity \u00c9pila<\/strong>. Pero solo con<strong> entreno, sufrimiento y tes\u00f3n<\/strong>, consigue <strong>&#8220;Vinagre Hansen&#8221;<\/strong> quedar en primera posici\u00f3n, con<strong> 2 horas, 54 minutos y&nbsp; 32 segundos<\/strong> en la Rodanas Trail Race 23k. <img loading=\"lazy\" decoding=\"async\" src=\"https:\/\/epilacorre.com\/wp-content\/uploads\/2022\/05\/DSC_6624-200x300.jpg\" class=\"alignright size-medium wp-image-3466\" width=\"200\" height=\"300\" alt=\"\" srcset=\"https:\/\/epilacorre.com\/wp-content\/uploads\/2022\/05\/DSC_6624-200x300.jpg 200w, https:\/\/epilacorre.com\/wp-content\/uploads\/2022\/05\/DSC_6624-683x1024.jpg 683w, https:\/\/epilacorre.com\/wp-content\/uploads\/2022\/05\/DSC_6624-768x1152.jpg 768w, https:\/\/epilacorre.com\/wp-content\/uploads\/2022\/05\/DSC_6624-1024x1536.jpg 1024w, https:\/\/epilacorre.com\/wp-content\/uploads\/2022\/05\/DSC_6624-1365x2048.jpg 1365w, https:\/\/epilacorre.com\/wp-content\/uploads\/2022\/05\/DSC_6624-920x1380.jpg 920w, https:\/\/epilacorre.com\/wp-content\/uploads\/2022\/05\/DSC_6624-230x345.jpg 230w, https:\/\/epilacorre.com\/wp-content\/uploads\/2022\/05\/DSC_6624-350x525.jpg 350w, https:\/\/epilacorre.com\/wp-content\/uploads\/2022\/05\/DSC_6624-480x720.jpg 480w, https:\/\/epilacorre.com\/wp-content\/uploads\/2022\/05\/DSC_6624-1320x1980.jpg 1320w, https:\/\/epilacorre.com\/wp-content\/uploads\/2022\/05\/DSC_6624-scaled.jpg 1707w\" sizes=\"(max-width: 200px) 100vw, 200px\" \/>Y llevarse el premio Strava \u201cCol de Luis\u201d de Carnicer\u00eda Murillo. Eso s\u00ed, perseguida de<strong> Mamen Lazaro Prieto<\/strong> con <strong>3 horas 4 minutos y 52 segundos<\/strong>. Y <strong>Ana Bel\u00e9n Asensio Aba\u00f1ades <\/strong>con&nbsp;<strong>3 horas 4 minutos y 55 segundo<\/strong>s<\/p>\n<p>&nbsp;<\/p>\n<p>&nbsp;<\/p>\n<p>&nbsp;<\/p>\n<p>&nbsp;<\/p>\n<p>&nbsp;<\/p>\n<p>A las 10 en punto arrancaban <strong>74 sprinteros<\/strong> de los 85 inscritos (viendo los galgos de cabeza acojona bastante)&nbsp; Llegando en <strong>51 minutos 1 segundo<\/strong>, don <strong>Miguel \u00c1ngel Hernandez Arroyo,<\/strong> perseguido de cerca por <strong>David Aliaga Buil<\/strong> con <strong>51 minutos con 59 segundos<\/strong>, que adem\u00e1s se llevo el premio Strava \u201cCortafuegos\u201d de Carnicer\u00eda Murillo. En tercera posici\u00f3n entraba <strong>Carlos Benedi Marin,<\/strong> con <strong>53 minutos con 17 segundos<\/strong> (otros dos grandes amigos, uno sin estar bien del todo y el otro despu\u00e9s de currar por la noche, sin casi horas de sue\u00f1o) A punto estuvieron Emilio Lamata y Carlos Benedi, de quitarle el premio Strava &#8220;segmento Cortafuegos&#8221; a <strong>David Aliaga<\/strong><img loading=\"lazy\" decoding=\"async\" src=\"https:\/\/epilacorre.com\/wp-content\/uploads\/2022\/05\/DSC_6527-200x300.jpg\" class=\"aligncenter size-medium wp-image-3446\" width=\"200\" height=\"300\" alt=\"\" srcset=\"https:\/\/epilacorre.com\/wp-content\/uploads\/2022\/05\/DSC_6527-200x300.jpg 200w, https:\/\/epilacorre.com\/wp-content\/uploads\/2022\/05\/DSC_6527-683x1024.jpg 683w, https:\/\/epilacorre.com\/wp-content\/uploads\/2022\/05\/DSC_6527-768x1152.jpg 768w, https:\/\/epilacorre.com\/wp-content\/uploads\/2022\/05\/DSC_6527-1024x1536.jpg 1024w, https:\/\/epilacorre.com\/wp-content\/uploads\/2022\/05\/DSC_6527-1365x2048.jpg 1365w, https:\/\/epilacorre.com\/wp-content\/uploads\/2022\/05\/DSC_6527-920x1380.jpg 920w, https:\/\/epilacorre.com\/wp-content\/uploads\/2022\/05\/DSC_6527-230x345.jpg 230w, https:\/\/epilacorre.com\/wp-content\/uploads\/2022\/05\/DSC_6527-350x525.jpg 350w, https:\/\/epilacorre.com\/wp-content\/uploads\/2022\/05\/DSC_6527-480x720.jpg 480w, https:\/\/epilacorre.com\/wp-content\/uploads\/2022\/05\/DSC_6527-1320x1980.jpg 1320w, https:\/\/epilacorre.com\/wp-content\/uploads\/2022\/05\/DSC_6527-scaled.jpg 1706w\" sizes=\"(max-width: 200px) 100vw, 200px\" \/><\/p>\n<p>Ojito a los tiempos de las f\u00e9minas que se marcaron do\u00f1a&nbsp; <strong>Andrea Ezpeleta Lagana<\/strong>&nbsp;con: <strong>1 hora 12 minutos con 35 segundos<\/strong>, perseguida por <strong>Alina Catalina Hristache<\/strong> con <strong>1 hora 13 minutos<\/strong> y nuestra corredora local <strong>Maria Adiego Martinez<\/strong> con <strong>1 hora 15 minutos 12 segundos<\/strong>.<img loading=\"lazy\" decoding=\"async\" src=\"https:\/\/epilacorre.com\/wp-content\/uploads\/2022\/05\/DSC_6511-200x300.jpg\" class=\"alignleft size-medium wp-image-3442\" width=\"200\" height=\"300\" alt=\"\" srcset=\"https:\/\/epilacorre.com\/wp-content\/uploads\/2022\/05\/DSC_6511-200x300.jpg 200w, https:\/\/epilacorre.com\/wp-content\/uploads\/2022\/05\/DSC_6511-683x1024.jpg 683w, https:\/\/epilacorre.com\/wp-content\/uploads\/2022\/05\/DSC_6511-768x1152.jpg 768w, https:\/\/epilacorre.com\/wp-content\/uploads\/2022\/05\/DSC_6511-1024x1536.jpg 1024w, https:\/\/epilacorre.com\/wp-content\/uploads\/2022\/05\/DSC_6511-1365x2048.jpg 1365w, https:\/\/epilacorre.com\/wp-content\/uploads\/2022\/05\/DSC_6511-920x1380.jpg 920w, https:\/\/epilacorre.com\/wp-content\/uploads\/2022\/05\/DSC_6511-230x345.jpg 230w, https:\/\/epilacorre.com\/wp-content\/uploads\/2022\/05\/DSC_6511-350x525.jpg 350w, https:\/\/epilacorre.com\/wp-content\/uploads\/2022\/05\/DSC_6511-480x720.jpg 480w, https:\/\/epilacorre.com\/wp-content\/uploads\/2022\/05\/DSC_6511-1320x1980.jpg 1320w, https:\/\/epilacorre.com\/wp-content\/uploads\/2022\/05\/DSC_6511-scaled.jpg 1707w\" sizes=\"(max-width: 200px) 100vw, 200px\" \/><img loading=\"lazy\" decoding=\"async\" src=\"https:\/\/epilacorre.com\/wp-content\/uploads\/2022\/05\/DSC_6614-200x300.jpg\" class=\"alignright size-medium wp-image-3465\" width=\"200\" height=\"300\" alt=\"\" srcset=\"https:\/\/epilacorre.com\/wp-content\/uploads\/2022\/05\/DSC_6614-200x300.jpg 200w, https:\/\/epilacorre.com\/wp-content\/uploads\/2022\/05\/DSC_6614-683x1024.jpg 683w, https:\/\/epilacorre.com\/wp-content\/uploads\/2022\/05\/DSC_6614-768x1152.jpg 768w, https:\/\/epilacorre.com\/wp-content\/uploads\/2022\/05\/DSC_6614-1024x1536.jpg 1024w, https:\/\/epilacorre.com\/wp-content\/uploads\/2022\/05\/DSC_6614-1365x2048.jpg 1365w, https:\/\/epilacorre.com\/wp-content\/uploads\/2022\/05\/DSC_6614-920x1380.jpg 920w, https:\/\/epilacorre.com\/wp-content\/uploads\/2022\/05\/DSC_6614-230x345.jpg 230w, https:\/\/epilacorre.com\/wp-content\/uploads\/2022\/05\/DSC_6614-350x525.jpg 350w, https:\/\/epilacorre.com\/wp-content\/uploads\/2022\/05\/DSC_6614-480x720.jpg 480w, https:\/\/epilacorre.com\/wp-content\/uploads\/2022\/05\/DSC_6614-1320x1980.jpg 1320w, https:\/\/epilacorre.com\/wp-content\/uploads\/2022\/05\/DSC_6614-scaled.jpg 1707w\" sizes=\"(max-width: 200px) 100vw, 200px\" \/>Que adem\u00e1s se llevo el premio Strava \u201cCortafuegos\u201d de Carnicer\u00eda Murillo.<\/p>\n<p>!!!!!!Girls to Power\u00a1\u00a1\u00a1\u00a1\u00a1<\/p>\n<p>&nbsp;<\/p>\n<p>&nbsp;<\/p>\n<p>&nbsp;<\/p>\n<p>&nbsp;<\/p>\n<p>&nbsp;<\/p>\n<p>&nbsp;<\/p>\n<p>&nbsp;<\/p>\n<p>&nbsp;<\/p>\n<p>&nbsp;<\/p>\n<p>Menci\u00f3n especial a los locales, tanto de la 23k, 12k, juveniles y pruebas escolares !!!Aupa Ahi\u00a1\u00a1\u00a1<\/p>\n<p><div id='gallery-1' class='gallery galleryid-3401 gallery-columns-3 gallery-size-thumbnail'><figure class='gallery-item'>\n\t\t\t<div class='gallery-icon portrait'>\n\t\t\t\t<a href='https:\/\/epilacorre.com\/index.php\/2022\/05\/22\/iv-trail-villa-de-epila-rodanas-trail-race\/dsc_6591\/'><img loading=\"lazy\" decoding=\"async\" width=\"150\" height=\"150\" src=\"https:\/\/epilacorre.com\/wp-content\/uploads\/2022\/05\/DSC_6591-150x150.jpg\" class=\"attachment-thumbnail size-thumbnail\" alt=\"\" aria-describedby=\"gallery-1-3461\" \/><\/a>\n\t\t\t<\/div>\n\t\t\t\t<figcaption class='wp-caption-text gallery-caption' id='gallery-1-3461'>\n\t\t\t\tGrande Rusete\n\t\t\t\t<\/figcaption><\/figure><figure class='gallery-item'>\n\t\t\t<div class='gallery-icon portrait'>\n\t\t\t\t<a href='https:\/\/epilacorre.com\/index.php\/2022\/05\/22\/iv-trail-villa-de-epila-rodanas-trail-race\/dsc_6596\/'><img loading=\"lazy\" decoding=\"async\" width=\"150\" height=\"150\" src=\"https:\/\/epilacorre.com\/wp-content\/uploads\/2022\/05\/DSC_6596-150x150.jpg\" class=\"attachment-thumbnail size-thumbnail\" alt=\"\" aria-describedby=\"gallery-1-3462\" \/><\/a>\n\t\t\t<\/div>\n\t\t\t\t<figcaption class='wp-caption-text gallery-caption' id='gallery-1-3462'>\n\t\t\t\tJorge y Alberto\n\t\t\t\t<\/figcaption><\/figure><figure class='gallery-item'>\n\t\t\t<div class='gallery-icon portrait'>\n\t\t\t\t<a href='https:\/\/epilacorre.com\/index.php\/2022\/05\/22\/iv-trail-villa-de-epila-rodanas-trail-race\/dsc_6614\/'><img loading=\"lazy\" decoding=\"async\" width=\"150\" height=\"150\" src=\"https:\/\/epilacorre.com\/wp-content\/uploads\/2022\/05\/DSC_6614-150x150.jpg\" class=\"attachment-thumbnail size-thumbnail\" alt=\"\" aria-describedby=\"gallery-1-3465\" \/><\/a>\n\t\t\t<\/div>\n\t\t\t\t<figcaption class='wp-caption-text gallery-caption' id='gallery-1-3465'>\n\t\t\t\tMaria Adiego\n\t\t\t\t<\/figcaption><\/figure><figure class='gallery-item'>\n\t\t\t<div class='gallery-icon portrait'>\n\t\t\t\t<a href='https:\/\/epilacorre.com\/index.php\/2022\/05\/22\/iv-trail-villa-de-epila-rodanas-trail-race\/dsc_6502\/'><img loading=\"lazy\" decoding=\"async\" width=\"150\" height=\"150\" src=\"https:\/\/epilacorre.com\/wp-content\/uploads\/2022\/05\/DSC_6502-150x150.jpg\" class=\"attachment-thumbnail size-thumbnail\" alt=\"\" aria-describedby=\"gallery-1-3441\" \/><\/a>\n\t\t\t<\/div>\n\t\t\t\t<figcaption class='wp-caption-text gallery-caption' id='gallery-1-3441'>\n\t\t\t\tBorja Bernal\n\t\t\t\t<\/figcaption><\/figure><figure class='gallery-item'>\n\t\t\t<div class='gallery-icon portrait'>\n\t\t\t\t<a href='https:\/\/epilacorre.com\/index.php\/2022\/05\/22\/iv-trail-villa-de-epila-rodanas-trail-race\/dsc_6522\/'><img loading=\"lazy\" decoding=\"async\" width=\"150\" height=\"150\" src=\"https:\/\/epilacorre.com\/wp-content\/uploads\/2022\/05\/DSC_6522-150x150.jpg\" class=\"attachment-thumbnail size-thumbnail\" alt=\"\" aria-describedby=\"gallery-1-3445\" \/><\/a>\n\t\t\t<\/div>\n\t\t\t\t<figcaption class='wp-caption-text gallery-caption' id='gallery-1-3445'>\n\t\t\t\tLeire \n\t\t\t\t<\/figcaption><\/figure><figure class='gallery-item'>\n\t\t\t<div class='gallery-icon portrait'>\n\t\t\t\t<a href='https:\/\/epilacorre.com\/index.php\/2022\/05\/22\/iv-trail-villa-de-epila-rodanas-trail-race\/dsc_6603\/'><img loading=\"lazy\" decoding=\"async\" width=\"150\" height=\"150\" src=\"https:\/\/epilacorre.com\/wp-content\/uploads\/2022\/05\/DSC_6603-150x150.jpg\" class=\"attachment-thumbnail size-thumbnail\" alt=\"\" aria-describedby=\"gallery-1-3463\" \/><\/a>\n\t\t\t<\/div>\n\t\t\t\t<figcaption class='wp-caption-text gallery-caption' id='gallery-1-3463'>\n\t\t\t\tGuillermo y Marcos \n\t\t\t\t<\/figcaption><\/figure><figure class='gallery-item'>\n\t\t\t<div class='gallery-icon landscape'>\n\t\t\t\t<a href='https:\/\/epilacorre.com\/index.php\/2022\/05\/22\/iv-trail-villa-de-epila-rodanas-trail-race\/nuevo-documento-de-microsoft-office-publisher\/'><img loading=\"lazy\" decoding=\"async\" width=\"150\" height=\"150\" src=\"https:\/\/epilacorre.com\/wp-content\/uploads\/2022\/05\/Nuevo-Documento-de-Microsoft-Office-Publisher-150x150.jpg\" class=\"attachment-thumbnail size-thumbnail\" alt=\"\" aria-describedby=\"gallery-1-3468\" \/><\/a>\n\t\t\t<\/div>\n\t\t\t\t<figcaption class='wp-caption-text gallery-caption' id='gallery-1-3468'>\n\t\t\t\tHugo, Marta y Marcos \n\t\t\t\t<\/figcaption><\/figure><figure class='gallery-item'>\n\t\t\t<div class='gallery-icon landscape'>\n\t\t\t\t<a href='https:\/\/epilacorre.com\/index.php\/2022\/05\/22\/iv-trail-villa-de-epila-rodanas-trail-race\/281832696_361070112673968_1263540244718574308_n\/'><img loading=\"lazy\" decoding=\"async\" width=\"150\" height=\"150\" src=\"https:\/\/epilacorre.com\/wp-content\/uploads\/2022\/05\/281832696_361070112673968_1263540244718574308_n-150x150.jpg\" class=\"attachment-thumbnail size-thumbnail\" alt=\"\" aria-describedby=\"gallery-1-3469\" \/><\/a>\n\t\t\t<\/div>\n\t\t\t\t<figcaption class='wp-caption-text gallery-caption' id='gallery-1-3469'>\n\t\t\t\tEl Insti en pleno, gracias To\u00f1o\n\t\t\t\t<\/figcaption><\/figure><figure class='gallery-item'>\n\t\t\t<div class='gallery-icon landscape'>\n\t\t\t\t<a href='https:\/\/epilacorre.com\/index.php\/2022\/05\/22\/iv-trail-villa-de-epila-rodanas-trail-race\/whatsapp-image-2022-05-22-at-4-17-33-pm\/'><img loading=\"lazy\" decoding=\"async\" width=\"150\" height=\"150\" src=\"https:\/\/epilacorre.com\/wp-content\/uploads\/2022\/05\/WhatsApp-Image-2022-05-22-at-4.17.33-PM-150x150.jpeg\" class=\"attachment-thumbnail size-thumbnail\" alt=\"\" aria-describedby=\"gallery-1-3470\" \/><\/a>\n\t\t\t<\/div>\n\t\t\t\t<figcaption class='wp-caption-text gallery-caption' id='gallery-1-3470'>\n\t\t\t\tEpilacorre \n\t\t\t\t<\/figcaption><\/figure>\n\t\t<\/div>\nA los andarines de la marcha senderista, esperamos les gustara el trazado, al a\u00f1o que viene intentaremos sorprenderl@s con otra ruta o alg\u00fan regalo mas<\/p>\n<p>Esperamos disfrutarais del estupendo bocata de longaniza de <strong>Lifara<\/strong>, con el pan de <strong>Pacos<\/strong> y los refrescos y agua de<strong> Bar Vanguard<\/strong>. Esperamos que fuese grata la experiencia y quer\u00e1is repetir el a\u00f1o que viene.<\/p>\n<p>&nbsp;<\/p>\n<p><b>Un saludo y nos vemos gastando zapatilla&#8230;&#8230;&#8230;&#8230;&#8230;&#8230;&#8230;&#8230;&#8230;&#8230;..<\/b> en alguna de las pr\u00f3ximas carreras como Remolinos y Muel<\/p>\n<p>&nbsp;<\/p>\n<p>&nbsp;<\/p>\n<h3 style=\"text-align: center\"><span style=\"color: #0000ff\"><strong><a style=\"color: #0000ff\" href=\"https:\/\/sportmaniacs.com\/es\/races\/iv-trail-villa-de-epila-rodanas?fbclid=IwAR2EiXnNMTxm56khWFekTz6Wa5WLW2fAhPTrh2vhmMMoY58VMXpHTl6EXts\" target=\"_blank\" rel=\"noopener\">Clasificaciones enlace a Sportmaniacs<\/a><\/strong><\/span><\/h3>\n<p>&nbsp;<\/p>\n<p style=\"text-align: center\"><strong>Y todos los enlaces a las fotos<\/strong><\/p>\n<h3 style=\"text-align: center\"><span style=\"color: #0000ff\"><a style=\"color: #0000ff\" href=\"https:\/\/drive.google.com\/drive\/folders\/1e3RAQuUBXigJWTRGY9qsjXwvn7lYuPD5?usp=sharing\" target=\"_blank\" rel=\"noopener\">Fotos de&nbsp; Jose Antonio Camacho&nbsp;<\/a><\/span><\/h3>\n<h3 style=\"text-align: center\"><span style=\"color: #0000ff\"><a style=\"color: #0000ff\" href=\"https:\/\/photos.app.goo.gl\/nLzb2JGxS37WrjbY8\" target=\"_blank\" rel=\"noopener\">Fotos de Raul Martin<\/a><\/span><\/h3>\n<h3 style=\"text-align: center\"><span style=\"color: #0000ff\"><a style=\"color: #0000ff\" href=\"https:\/\/photos.app.goo.gl\/MWiERrPUEXau6trv6\" target=\"_blank\" rel=\"noopener\">Fotos de los voluntarios<\/a><\/span><\/h3>\n<p>&nbsp;<\/p>\n<p style=\"text-align: center\"><strong>Video salida 23k cortesia Sara Cortes<\/strong><br \/>\n<iframe title=\"YouTube video player\" src=\"https:\/\/www.youtube.com\/embed\/F04SsH3qWs0\" width=\"560\" height=\"315\" frameborder=\"0\" allowfullscreen><\/iframe><\/p>\n<p>&nbsp;<\/p>\n<p style=\"text-align: center\"><strong>Video salida 12k cortesia Sara Cortes<\/strong><br \/>\n<iframe title=\"YouTube video player\" src=\"https:\/\/www.youtube.com\/embed\/nwfcJZXSNg8\" width=\"560\" height=\"315\" frameborder=\"0\" allowfullscreen><\/iframe><\/p>\n<p>&nbsp;<\/p>\n<p style=\"text-align: center\"><strong>Video salida marcha senderista cortesia de Sara Cortes&nbsp;<\/strong><br \/>\n<iframe title=\"YouTube video player\" src=\"https:\/\/www.youtube.com\/embed\/GRVjMBtvXVA\" width=\"560\" height=\"315\" frameborder=\"0\" allowfullscreen><\/iframe><\/p>\n<h2><\/h2>\n<h2 style=\"text-align: center\"><strong>Ediciones anteriores<\/strong><\/h2>\n<h2 style=\"text-align: center\"><span style=\"color: #0000ff\"><a style=\"color: #0000ff\" href=\"https:\/\/epilacorre.com\/index.php\/iv-trail-villa-de-epila-rodanas-trail-race\/\">IV Trail villa de \u00c9pila Rodanas Trail Race<\/a><\/span><\/h2>\n<h2 style=\"text-align: center\"><span style=\"color: #0000ff\"><a style=\"color: #0000ff\" href=\"https:\/\/epilacorre.com\/index.php\/trail-villa-de-epila\/\">III Trail villa de \u00c9pila<\/a><\/span><\/h2>\n<h2 style=\"text-align: center\"><span style=\"color: #0000ff\"><a style=\"color: #0000ff\" href=\"https:\/\/epilacorre.com\/index.php\/inicio\/sample-page\/\">II Trail Villa de \u00c9pila<\/a><\/span><\/h2>\n<h2 class=\"title-post entry-title\" style=\"text-align: center\"><span style=\"color: #0000ff\"><a style=\"color: #0000ff\" href=\"https:\/\/epilacorre.com\/index.php\/i-trail-villa-de-epila\/\">I Trail Villa de \u00c9pila<\/a><\/span><\/h2>\n","protected":false},"excerpt":{"rendered":"<p>IV Trail villa de \u00c9pila &#8220;Rodanas Trail Race&#8221; Permitirme explayarme un poco antes de empezar. Lo primero dar las gracias a todos los amigos y familia, a los que he&hellip;<\/p>\n","protected":false},"author":2,"featured_media":3418,"comment_status":"open","ping_status":"open","sticky":false,"template":"","format":"standard","meta":{"footnotes":""},"categories":[9],"tags":[],"class_list":["post-3401","post","type-post","status-publish","format-standard","has-post-thumbnail","hentry","category-carreras"],"_links":{"self":[{"href":"https:\/\/epilacorre.com\/index.php\/wp-json\/wp\/v2\/posts\/3401","targetHints":{"allow":["GET"]}}],"collection":[{"href":"https:\/\/epilacorre.com\/index.php\/wp-json\/wp\/v2\/posts"}],"about":[{"href":"https:\/\/epilacorre.com\/index.php\/wp-json\/wp\/v2\/types\/post"}],"author":[{"embeddable":true,"href":"https:\/\/epilacorre.com\/index.php\/wp-json\/wp\/v2\/users\/2"}],"replies":[{"embeddable":true,"href":"https:\/\/epilacorre.com\/index.php\/wp-json\/wp\/v2\/comments?post=3401"}],"version-history":[{"count":22,"href":"https:\/\/epilacorre.com\/index.php\/wp-json\/wp\/v2\/posts\/3401\/revisions"}],"predecessor-version":[{"id":3413,"href":"https:\/\/epilacorre.com\/index.php\/wp-json\/wp\/v2\/posts\/3401\/revisions\/3413"}],"wp:featuredmedia":[{"embeddable":true,"href":"https:\/\/epilacorre.com\/index.php\/wp-json\/wp\/v2\/media\/3418"}],"wp:attachment":[{"href":"https:\/\/epilacorre.com\/index.php\/wp-json\/wp\/v2\/media?parent=3401"}],"wp:term":[{"taxonomy":"category","embeddable":true,"href":"https:\/\/epilacorre.com\/index.php\/wp-json\/wp\/v2\/categories?post=3401"},{"taxonomy":"post_tag","embeddable":true,"href":"https:\/\/epilacorre.com\/index.php\/wp-json\/wp\/v2\/tags?post=3401"}],"curies":[{"name":"wp","href":"https:\/\/api.w.org\/{rel}","templated":true}]}}