{"id":3541,"date":"2023-01-27T08:53:49","date_gmt":"2023-01-27T08:53:49","guid":{"rendered":"https:\/\/epilacorre.com\/?p=3541"},"modified":"2025-06-06T18:50:25","modified_gmt":"2025-06-06T18:50:25","slug":"xl-subida-a-rodanas-memorial-cecilio-callejas","status":"publish","type":"post","link":"https:\/\/epilacorre.com\/index.php\/2023\/01\/27\/xl-subida-a-rodanas-memorial-cecilio-callejas\/","title":{"rendered":"XL SUBIDA A RODANAS Memorial Cecilio Callejas"},"content":{"rendered":"<p><span class=\"x3nfvp2 x1j61x8r x1fcty0u xdj266r xhhsvwb xat24cr xgzva0m xxymvpz xlup9mm x1kky2od\"><img decoding=\"async\" src=\"https:\/\/static.xx.fbcdn.net\/images\/emoji.php\/v9\/tfb\/1\/16\/1f5e3.png\" alt=\"\ud83d\udde3\" width=\"16\" height=\"16\" \/><\/span>XL SUBIDA A RODANAS 2023.<br \/>\nEmpieza la cuenta atr\u00e1s.\u00a0<span class=\"x3nfvp2 x1j61x8r x1fcty0u xdj266r xhhsvwb xat24cr xgzva0m xxymvpz xlup9mm x1kky2od\"><img decoding=\"async\" src=\"https:\/\/static.xx.fbcdn.net\/images\/emoji.php\/v9\/t80\/1\/16\/1f4c7.png\" alt=\"\ud83d\udcc7\" width=\"16\" height=\"16\" \/><\/span><br \/>\nLa Concejal\u00eda de Deportes del Ayuntamiento de \u00c9pila anuncia la<span class=\"x3nfvp2 x1j61x8r x1fcty0u xdj266r xhhsvwb xat24cr xgzva0m xxymvpz xlup9mm x1kky2od\"><img decoding=\"async\" src=\"https:\/\/static.xx.fbcdn.net\/images\/emoji.php\/v9\/t1a\/1\/16\/1f3f5.png\" alt=\"\ud83c\udff5\" width=\"16\" height=\"16\" \/><\/span>&#8221; XL Subida a Rodanas&#8221;.<br \/>\n<span class=\"x3nfvp2 x1j61x8r x1fcty0u xdj266r xhhsvwb xat24cr xgzva0m xxymvpz xlup9mm x1kky2od\"><img loading=\"lazy\" decoding=\"async\" src=\"https:\/\/static.xx.fbcdn.net\/images\/emoji.php\/v9\/t51\/1\/16\/1f449.png\" alt=\"\ud83d\udc49\" width=\"16\" height=\"16\" \/><\/span>El Ayuntamiento de \u00c9pila promueve y organiza este evento deportivo muy popular entre los epilenses y que cuenta con muchos seguidores.<br \/>\nEn esta ocasi\u00f3n el cartel promocional es de un gran<span class=\"x3nfvp2 x1j61x8r x1fcty0u xdj266r xhhsvwb xat24cr xgzva0m xxymvpz xlup9mm x1kky2od\"><img loading=\"lazy\" decoding=\"async\" src=\"https:\/\/static.xx.fbcdn.net\/images\/emoji.php\/v9\/tea\/1\/16\/1f970.png\" alt=\"\ud83e\udd70\" width=\"16\" height=\"16\" \/><\/span>\u00a0valor sentimental.<br \/>\n<span class=\"x3nfvp2 x1j61x8r x1fcty0u xdj266r xhhsvwb xat24cr xgzva0m xxymvpz xlup9mm x1kky2od\"><img loading=\"lazy\" decoding=\"async\" src=\"https:\/\/static.xx.fbcdn.net\/images\/emoji.php\/v9\/tb3\/1\/16\/1f517.png\" alt=\"\ud83d\udd17\" width=\"16\" height=\"16\" \/><\/span>La prueba se realiza sobre una distancia no homologada por la RFEA.<br \/>\n<span class=\"x3nfvp2 x1j61x8r x1fcty0u xdj266r xhhsvwb xat24cr xgzva0m xxymvpz xlup9mm x1kky2od\"><img loading=\"lazy\" decoding=\"async\" src=\"https:\/\/static.xx.fbcdn.net\/images\/emoji.php\/v9\/tb3\/1\/16\/1f517.png\" alt=\"\ud83d\udd17\" width=\"16\" height=\"16\" \/><\/span>Se incluye en el calendario auton\u00f3mico de la Federaci\u00f3n Aragonesa de Atletismo bajo el control t\u00e9cnico del Comit\u00e9 Territorial de Jueces FAA.<br \/>\nPrepara las zapatillas y que no te frene ni el cierzo\u00a0<span class=\"x3nfvp2 x1j61x8r x1fcty0u xdj266r xhhsvwb xat24cr xgzva0m xxymvpz xlup9mm x1kky2od\"><img loading=\"lazy\" decoding=\"async\" src=\"https:\/\/static.xx.fbcdn.net\/images\/emoji.php\/v9\/tfc\/1\/16\/1f32c.png\" alt=\"\ud83c\udf2c\" width=\"16\" height=\"16\" \/><\/span><br \/>\nEntrena despacio,<span class=\"x3nfvp2 x1j61x8r x1fcty0u xdj266r xhhsvwb xat24cr xgzva0m xxymvpz xlup9mm x1kky2od\"><img loading=\"lazy\" decoding=\"async\" src=\"https:\/\/static.xx.fbcdn.net\/images\/emoji.php\/v9\/tab\/1\/16\/1f3c3_200d_2642.png\" alt=\"\ud83c\udfc3\u200d\u2642\ufe0f\" width=\"16\" height=\"16\" \/><\/span><span class=\"x3nfvp2 x1j61x8r x1fcty0u xdj266r xhhsvwb xat24cr xgzva0m xxymvpz xlup9mm x1kky2od\"><img loading=\"lazy\" decoding=\"async\" src=\"https:\/\/static.xx.fbcdn.net\/images\/emoji.php\/v9\/ta9\/1\/16\/1f3c3_200d_2640.png\" alt=\"\ud83c\udfc3\u200d\u2640\ufe0f\" width=\"16\" height=\"16\" \/><\/span>\u00a0corre deprisa y buena llegada a meta.<br \/>\n<span class=\"x3nfvp2 x1j61x8r x1fcty0u xdj266r xhhsvwb xat24cr xgzva0m xxymvpz xlup9mm x1kky2od\"><img loading=\"lazy\" decoding=\"async\" src=\"https:\/\/static.xx.fbcdn.net\/images\/emoji.php\/v9\/tac\/1\/16\/1f4cc.png\" alt=\"\ud83d\udccc\" width=\"16\" height=\"16\" \/><\/span>Informaci\u00f3n e Inscripciones:\u00a0<a class=\"x1i10hfl xjbqb8w x6umtig x1b1mbwd xaqea5y xav7gou x9f619 x1ypdohk xt0psk2 xe8uvvx xdj266r x11i5rnm xat24cr x1mh8g0r xexx8yu x4uap5 x18d9i69 xkhd6sd x16tdsg8 x1hl2dhg xggy1nq x1a2a7pz xt0b8zv x1fey0fg\" tabindex=\"0\" role=\"link\" href=\"https:\/\/l.facebook.com\/l.php?u=http%3A%2F%2Fwww.subidarodanas.com%2F%3Ffbclid%3DIwAR2mGg6fHshP_6VCeevCR_GOojl-fMmclw-CUhBnQ8lWfAeWdcndlvEJIhY&amp;h=AT1G_CimrrSjQm3bAC9unfdbC9A57XG6Fl8VyqfyKHCIj2vjcHtEPKGTjfEYgBD_3zDAscKC03xW97GFBm3pAUveqY3suJiU_PfR7xWDzpy513Z2-qcOKj3ymE33uiZD&amp;__tn__=-UK*F&amp;c[0]=AT1j4k7I61FwRqALxuhNZkVeSbsRtAArtE8cQ2jeAiBu2P9Ywvj5vFjae9xCjUq-yXcPJ4kdQA5C62vMvFX7ZRJebpf29oO5nKeJiwXwMcos1-XuJYC11huA40a-ehbOfpuFEuaSd4snzemqWc_m8LGZkYOaO9INi_Q1nHbVkDhNNtm1vyeUUHBeZrvFgjrF50OakiAhqg\" target=\"_blank\" rel=\"nofollow noopener\">www.subidarodanas.com<\/a><\/p>\n<div class=\"x1a8lsjc x1swvt13 x1pi30zi\">\n<div class=\"x1jx94hy x78zum5 x1q0g3np\">\n<div class=\"x78zum5 xdt5ytf xz62fqu x16ldp7u\">\n<div class=\"xu06os2 x1ok221b\">\n<h5 class=\"x1heor9g x1qlqyl8 x1pd3egz x1a2a7pz x1gslohp x1yc453h\"><span class=\"xt0psk2\"><a class=\"x1i10hfl xjbqb8w x6umtig x1b1mbwd xaqea5y xav7gou x9f619 x1ypdohk xt0psk2 xe8uvvx xdj266r x11i5rnm xat24cr x1mh8g0r xexx8yu x4uap5 x18d9i69 xkhd6sd x16tdsg8 x1hl2dhg xggy1nq x1a2a7pz xt0b8zv xzsf02u x1s688f\" tabindex=\"0\" role=\"link\" href=\"https:\/\/www.facebook.com\/AyuntamientoEpila?__cft__[0]=AZV-ag_1BwWlWcB3h7Y5xYFftvAQenhEmk61wUBv2JQgA6UEnCkMG4ZRvLSZX7DKDqg2lON8YsmfqHN56s5p6j3FGxxzkV7ppMf9RrMS4YtVOodP8Ad4nzAWWi9iUvAtsKMZkaVfRigY3wTNs9YhlhOWBF_g5JCBfMDzmC1DHDBvjlwSCfuBMMKcecdb4XNtJgHyXvRrqFHxUEjvANmaweju&amp;__tn__=-UC%2CP-y-R\"><strong>Ayuntamiento de \u00c9pila<\/strong><\/a><\/span><\/h5>\n<\/div>\n<\/div>\n<\/div>\n<\/div>\n<div class=\"\" dir=\"auto\">\n<div class=\"\" dir=\"auto\">\n<div class=\"x1iorvi4 x1pi30zi x1swvt13 x1l90r2v\" data-ad-comet-preview=\"message\" data-ad-preview=\"message\">\n<div class=\"x78zum5 xdt5ytf xz62fqu x16ldp7u\">\n<div class=\"xu06os2 x1ok221b\">\n<div class=\"x11i5rnm xat24cr x1mh8g0r x1vvkbs xdj266r x126k92a\">\n<div dir=\"auto\"><span class=\"x3nfvp2 x1j61x8r x1fcty0u xdj266r xhhsvwb xat24cr xgzva0m xxymvpz xlup9mm x1kky2od\"><img loading=\"lazy\" decoding=\"async\" src=\"https:\/\/static.xx.fbcdn.net\/images\/emoji.php\/v9\/ta9\/1\/16\/1f3c3_200d_2640.png\" alt=\"\ud83c\udfc3\u200d\u2640\ufe0f\" width=\"16\" height=\"16\" \/><\/span> NOTICIAS SUBIDA A RODANAS<\/div>\n<\/div>\n<div class=\"x11i5rnm xat24cr x1mh8g0r x1vvkbs xtlvy1s x126k92a\">\n<div dir=\"auto\">El d\u00eda 26 de marzo tendr\u00e1 lugar la XL subida a Rodanas Memorial Cecilio Callejas, que este a\u00f1o celebra su 40 aniversario <span class=\"x3nfvp2 x1j61x8r x1fcty0u xdj266r xhhsvwb xat24cr xgzva0m xxymvpz xlup9mm x1kky2od\"><img loading=\"lazy\" decoding=\"async\" src=\"https:\/\/static.xx.fbcdn.net\/images\/emoji.php\/v9\/t9d\/1\/16\/1f45f.png\" alt=\"\ud83d\udc5f\" width=\"16\" height=\"16\" \/><\/span><\/div>\n<\/div>\n<div class=\"x11i5rnm xat24cr x1mh8g0r x1vvkbs xtlvy1s x126k92a\">\n<div dir=\"auto\"><span class=\"x3nfvp2 x1j61x8r x1fcty0u xdj266r xhhsvwb xat24cr xgzva0m xxymvpz\">\u25aa\ufe0e<\/span> As\u00ed que cuando terminemos de celebrar el carnaval, es momento de retomar los entrenamientos <span class=\"x3nfvp2 x1j61x8r x1fcty0u xdj266r xhhsvwb xat24cr xgzva0m xxymvpz xlup9mm x1kky2od\"><img loading=\"lazy\" decoding=\"async\" src=\"https:\/\/static.xx.fbcdn.net\/images\/emoji.php\/v9\/tab\/1\/16\/1f3c3_200d_2642.png\" alt=\"\ud83c\udfc3\u200d\u2642\ufe0f\" width=\"16\" height=\"16\" \/><\/span><span class=\"x3nfvp2 x1j61x8r x1fcty0u xdj266r xhhsvwb xat24cr xgzva0m xxymvpz xlup9mm x1kky2od\"><img loading=\"lazy\" decoding=\"async\" src=\"https:\/\/static.xx.fbcdn.net\/images\/emoji.php\/v9\/t4c\/1\/16\/1f642.png\" alt=\"\ud83d\ude42\" width=\"16\" height=\"16\" \/><\/span><\/div>\n<\/div>\n<div class=\"x11i5rnm xat24cr x1mh8g0r x1vvkbs xtlvy1s x126k92a\">\n<div dir=\"auto\"><span class=\"x3nfvp2 x1j61x8r x1fcty0u xdj266r xhhsvwb xat24cr xgzva0m xxymvpz xlup9mm x1kky2od\"><img loading=\"lazy\" decoding=\"async\" src=\"https:\/\/static.xx.fbcdn.net\/images\/emoji.php\/v9\/tbe\/1\/16\/1f3c6.png\" alt=\"\ud83c\udfc6\" width=\"16\" height=\"16\" \/><\/span> Aprovechamos para anunciar los premios que se otorgar\u00e1n en el evento:<\/div>\n<\/div>\n<div class=\"x11i5rnm xat24cr x1mh8g0r x1vvkbs xtlvy1s x126k92a\">\n<div dir=\"auto\"><span class=\"x3nfvp2 x1j61x8r x1fcty0u xdj266r xhhsvwb xat24cr xgzva0m xxymvpz\">\u25aa\ufe0e<\/span> General Masculino <span class=\"x3nfvp2 x1j61x8r x1fcty0u xdj266r xhhsvwb xat24cr xgzva0m xxymvpz\">\u25aa\ufe0e<\/span><\/div>\n<div dir=\"auto\">1\u00ba- 300\u20ac<\/div>\n<div dir=\"auto\">2\u00ba- 200\u20ac<\/div>\n<div dir=\"auto\">3\u00ba- 100\u20ac<\/div>\n<\/div>\n<div class=\"x11i5rnm xat24cr x1mh8g0r x1vvkbs xtlvy1s x126k92a\">\n<div dir=\"auto\"><span class=\"x3nfvp2 x1j61x8r x1fcty0u xdj266r xhhsvwb xat24cr xgzva0m xxymvpz\">\u25aa\ufe0e<\/span> General Femenino <span class=\"x3nfvp2 x1j61x8r x1fcty0u xdj266r xhhsvwb xat24cr xgzva0m xxymvpz\">\u25aa\ufe0e<\/span><\/div>\n<\/div>\n<div class=\"x11i5rnm xat24cr x1mh8g0r x1vvkbs xtlvy1s x126k92a\">\n<div dir=\"auto\">1\u00aa -300\u20ac<\/div>\n<div dir=\"auto\">2\u00aa -200\u20ac<\/div>\n<div dir=\"auto\">3\u00aa -100\u20ac<\/div>\n<\/div>\n<div class=\"x11i5rnm xat24cr x1mh8g0r x1vvkbs xtlvy1s x126k92a\">\n<div dir=\"auto\"><span class=\"x3nfvp2 x1j61x8r x1fcty0u xdj266r xhhsvwb xat24cr xgzva0m xxymvpz\">\u25aa\ufe0e<\/span> General masculino clasificaci\u00f3n local <span class=\"x3nfvp2 x1j61x8r x1fcty0u xdj266r xhhsvwb xat24cr xgzva0m xxymvpz\">\u25aa\ufe0e<\/span><\/div>\n<\/div>\n<div class=\"x11i5rnm xat24cr x1mh8g0r x1vvkbs xtlvy1s x126k92a\">\n<div dir=\"auto\">1\u00ba- 200\u20ac<\/div>\n<div dir=\"auto\">2\u00ba- 150\u20ac<\/div>\n<div dir=\"auto\">3\u00ba- 50\u20ac<\/div>\n<\/div>\n<div class=\"x11i5rnm xat24cr x1mh8g0r x1vvkbs xtlvy1s x126k92a\">\n<div dir=\"auto\"><span class=\"x3nfvp2 x1j61x8r x1fcty0u xdj266r xhhsvwb xat24cr xgzva0m xxymvpz\">\u25aa\ufe0e<\/span> General femenino clasificaci\u00f3n local <span class=\"x3nfvp2 x1j61x8r x1fcty0u xdj266r xhhsvwb xat24cr xgzva0m xxymvpz\">\u25aa\ufe0e<\/span><\/div>\n<\/div>\n<div class=\"x11i5rnm xat24cr x1mh8g0r x1vvkbs xtlvy1s x126k92a\">\n<div dir=\"auto\">1\u00aa &#8211; 200\u20ac<\/div>\n<div dir=\"auto\">2\u00aa &#8211; 150\u20ac<\/div>\n<div dir=\"auto\">3\u00aa &#8211; 50\u20ac<\/div>\n<\/div>\n<div class=\"x11i5rnm xat24cr x1mh8g0r x1vvkbs xtlvy1s x126k92a\">\n<div dir=\"auto\"><span class=\"x3nfvp2 x1j61x8r x1fcty0u xdj266r xhhsvwb xat24cr xgzva0m xxymvpz xlup9mm x1kky2od\"><img loading=\"lazy\" decoding=\"async\" src=\"https:\/\/static.xx.fbcdn.net\/images\/emoji.php\/v9\/te0\/1\/16\/1f31f.png\" alt=\"\ud83c\udf1f\" width=\"16\" height=\"16\" \/><\/span> Se conceder\u00e1 un premio de 200\u20ac al corredor\/a que consiga batir el tiempo de la prueba. En caso de no ser as\u00ed, se repartir\u00e1 para los primeros clasificados masculino y femenino de la clasificaci\u00f3n general.<\/div>\n<\/div>\n<div class=\"x11i5rnm xat24cr x1mh8g0r x1vvkbs xtlvy1s x126k92a\">\n<div dir=\"auto\"><span class=\"x3nfvp2 x1j61x8r x1fcty0u xdj266r xhhsvwb xat24cr xgzva0m xxymvpz xlup9mm x1kky2od\"><img loading=\"lazy\" decoding=\"async\" src=\"https:\/\/static.xx.fbcdn.net\/images\/emoji.php\/v9\/t51\/1\/16\/1f449.png\" alt=\"\ud83d\udc49\" width=\"16\" height=\"16\" \/><\/span> M\u00e1s informaci\u00f3n: <a class=\"x1i10hfl xjbqb8w x6umtig x1b1mbwd xaqea5y xav7gou x9f619 x1ypdohk xt0psk2 xe8uvvx xdj266r x11i5rnm xat24cr x1mh8g0r xexx8yu x4uap5 x18d9i69 xkhd6sd x16tdsg8 x1hl2dhg xggy1nq x1a2a7pz xt0b8zv x1fey0fg\" tabindex=\"0\" role=\"link\" href=\"https:\/\/subidarodanas.com\/?fbclid=IwAR01ZCTjrf0oPj7JhXpO_hKAscjBiVxOK85LhgfpE-U_nQd20ginw6EowDU\" target=\"_blank\" rel=\"nofollow noopener\">https:\/\/subidarodanas.com\/<\/a><\/div>\n<\/div>\n<div class=\"x11i5rnm xat24cr x1mh8g0r x1vvkbs xtlvy1s x126k92a\">\n<div dir=\"auto\"><\/div>\n<\/div>\n<\/div>\n<\/div>\n<\/div>\n<\/div>\n<\/div>\n<p>&nbsp;<\/p>\n<p>&nbsp;<\/p>\n<p>&nbsp;<\/p>\n","protected":false},"excerpt":{"rendered":"<p>XL SUBIDA A RODANAS 2023. Empieza la cuenta atr\u00e1s.\u00a0 La Concejal\u00eda de Deportes del Ayuntamiento de \u00c9pila anuncia la&#8221; XL Subida a Rodanas&#8221;. El Ayuntamiento de \u00c9pila promueve y organiza&hellip;<\/p>\n","protected":false},"author":2,"featured_media":3553,"comment_status":"open","ping_status":"open","sticky":false,"template":"","format":"standard","meta":{"footnotes":""},"categories":[9],"tags":[],"class_list":["post-3541","post","type-post","status-publish","format-standard","has-post-thumbnail","hentry","category-carreras"],"_links":{"self":[{"href":"https:\/\/epilacorre.com\/index.php\/wp-json\/wp\/v2\/posts\/3541","targetHints":{"allow":["GET"]}}],"collection":[{"href":"https:\/\/epilacorre.com\/index.php\/wp-json\/wp\/v2\/posts"}],"about":[{"href":"https:\/\/epilacorre.com\/index.php\/wp-json\/wp\/v2\/types\/post"}],"author":[{"embeddable":true,"href":"https:\/\/epilacorre.com\/index.php\/wp-json\/wp\/v2\/users\/2"}],"replies":[{"embeddable":true,"href":"https:\/\/epilacorre.com\/index.php\/wp-json\/wp\/v2\/comments?post=3541"}],"version-history":[{"count":3,"href":"https:\/\/epilacorre.com\/index.php\/wp-json\/wp\/v2\/posts\/3541\/revisions"}],"predecessor-version":[{"id":3552,"href":"https:\/\/epilacorre.com\/index.php\/wp-json\/wp\/v2\/posts\/3541\/revisions\/3552"}],"wp:featuredmedia":[{"embeddable":true,"href":"https:\/\/epilacorre.com\/index.php\/wp-json\/wp\/v2\/media\/3553"}],"wp:attachment":[{"href":"https:\/\/epilacorre.com\/index.php\/wp-json\/wp\/v2\/media?parent=3541"}],"wp:term":[{"taxonomy":"category","embeddable":true,"href":"https:\/\/epilacorre.com\/index.php\/wp-json\/wp\/v2\/categories?post=3541"},{"taxonomy":"post_tag","embeddable":true,"href":"https:\/\/epilacorre.com\/index.php\/wp-json\/wp\/v2\/tags?post=3541"}],"curies":[{"name":"wp","href":"https:\/\/api.w.org\/{rel}","templated":true}]}}