{"id":3840,"date":"2024-01-30T14:12:18","date_gmt":"2024-01-30T14:12:18","guid":{"rendered":"https:\/\/epilacorre.com\/?p=3840"},"modified":"2025-06-06T18:50:25","modified_gmt":"2025-06-06T18:50:25","slug":"i-duatlon-escolar-rodanas","status":"publish","type":"post","link":"https:\/\/epilacorre.com\/index.php\/2024\/01\/30\/i-duatlon-escolar-rodanas\/","title":{"rendered":"I Duatl\u00f3n escolar Rodanas"},"content":{"rendered":"<p>\u203c\ufe0f NOVEDAD \u203c\ufe0f<br \/>\nI Duatl\u00f3n escolar Rodanas (Epila) &#8211; 02\/03\/2024 \ud83d\udeb6\u200d\u2640\ufe0f\ud83d\udeb4\ud83d\udeb6\u200d\u2642\ufe0f<br \/>\nEn 2024 nace una nueva iniciativa desde el club Epilacorre, junto al Ayuntamiento de \u00c9pila, Comarca Valdejal\u00f3n y Federaci\u00f3n Aragonesa de Triatl\u00f3n.<br \/>\nComo sab\u00e9is en Epila tenemos un entorno natural que sorprede a todo aquel que lo visita, y por nuestra parte queremos seguir dandolo a conocer.<br \/>\nJuntamos uno de nuestros deportes escolares, el duatl\u00f3n (correr &#8211; bici &#8211; correr), junto a nuestro Santuario de Rodanas, zonas de pinares para recorrer corriendo o bicicleta de monta\u00f1a.<br \/>\nVarios de nuestros chicos participaran en la prueba junto a un n\u00fameroso grupo de chic@s de todo Arag\u00f3n.<br \/>\nAnimar a los peque\u00f1@s a probar un deporte nuevo y divertido.<br \/>\nCualquier duda os la resolvemos desde Epilacorre.<br \/>\nOs esperamos!<br \/>\nEpilacorre Triatl\u00f3n.<\/p>\n<p><strong><a href=\"http:\/\/www.triatlonaragon.org\/Competicion\/26101\/i-duatlon-cross-escolar-rodanas\" target=\"_blank\" rel=\"noopener\">Inscripciones<\/a><\/strong><\/p>\n<div class=\"carreraheader\">\n<div class=\"lugar\"><\/div>\n<\/div>\n<div id=\"tab\" class=\"ui-tabs ui-widget ui-widget-content ui-corner-all\">\n<ul class=\"tabs ui-tabs-nav ui-helper-reset ui-helper-clearfix ui-widget-header ui-corner-all\" role=\"tablist\">\n<li class=\"ui-state-default ui-corner-top ui-tabs-active ui-state-active\" tabindex=\"0\" role=\"tab\" aria-controls=\"tab1\" aria-labelledby=\"ui-id-1\" aria-selected=\"true\"><a id=\"ui-id-1\" class=\"ui-tabs-anchor\" tabindex=\"-1\" role=\"presentation\" href=\"http:\/\/www.triatlonaragon.org\/Competicion\/26101\/i-duatlon-cross-escolar-rodanas#tab1\">Detalles de la prueba<\/a><\/li>\n<li class=\"ui-state-default ui-corner-top\" tabindex=\"-1\" role=\"tab\" aria-controls=\"tab2\" aria-labelledby=\"ui-id-2\" aria-selected=\"false\"><a id=\"ui-id-2\" class=\"ui-tabs-anchor\" tabindex=\"-1\" role=\"presentation\" href=\"http:\/\/www.triatlonaragon.org\/Competicion\/26101\/i-duatlon-cross-escolar-rodanas#tab2\">Mapa y localizaci\u00f3n<\/a><\/li>\n<li class=\"ui-state-default ui-corner-top\" tabindex=\"-1\" role=\"tab\" aria-controls=\"tabAnexos\" aria-labelledby=\"ui-id-3\" aria-selected=\"false\"><a id=\"ui-id-3\" class=\"ui-tabs-anchor\" tabindex=\"-1\" role=\"presentation\" href=\"http:\/\/www.triatlonaragon.org\/Competicion\/26101\/i-duatlon-cross-escolar-rodanas#tabAnexos\">Archivos<\/a><\/li>\n<li class=\"ui-state-default ui-corner-top\" tabindex=\"-1\" role=\"tab\" aria-controls=\"tabResultados\" aria-labelledby=\"ui-id-4\" aria-selected=\"false\"><a id=\"ui-id-4\" class=\"ui-tabs-anchor\" tabindex=\"-1\" role=\"presentation\" href=\"http:\/\/www.triatlonaragon.org\/Competicion\/26101\/i-duatlon-cross-escolar-rodanas#tabResultados\">Clasificaciones<\/a><\/li>\n<\/ul>\n<div id=\"tab1\" class=\"ui-tabs-panel ui-widget-content ui-corner-bottom\" role=\"tabpanel\" aria-labelledby=\"ui-id-1\" aria-expanded=\"true\" aria-hidden=\"false\">\n<p>&nbsp;<\/p>\n<p><strong>I DUATL\u00d3N CROS ESCOLAR SANTUARIO DE R\u00d3DANAS &#8211; \u00c9PILA<\/strong><\/p>\n<p><strong>JUEGOS ESCOLARES DE TRIATL\u00d3N 2023\u00a0&#8211; 2024<\/strong><\/p>\n<p><a href=\"http:\/\/triatlonaragon.org\/Contenido\/NormativaJuegosEscolares\" target=\"_blank\" rel=\"noopener\"><strong>PUNTUABLE RANKING ESCOLAR JJ.EE. 2023\u00a0&#8211; 2024<\/strong><\/a><\/p>\n<p><img decoding=\"async\" src=\"http:\/\/triatlonaragon.org\/ImageThumbnailUpload\/800\/600\/ICOAVISO.jpg\" alt=\"\" \/>\u00a0<strong>Publicadas clasificaciones\u00a0<\/strong><\/p>\n<h2>Datos b\u00e1sicos<\/h2>\n<p><strong><img decoding=\"async\" src=\"http:\/\/triatlonaragon.org\/ImageThumbnailUpload\/800\/600\/LOCALIZADOR.jpg\" alt=\"\" \/>\u00a0Lugar:<\/strong>\u00a0 Santuario de R\u00f3danas &#8211; Epila (Zaragoza).<\/p>\n<p><strong><img decoding=\"async\" src=\"http:\/\/triatlonaragon.org\/ImageThumbnailUpload\/800\/600\/FECHAHORA.jpg\" alt=\"\" \/>\u00a0Fecha:<\/strong>\u00a02 de marzo de 2024. 10:00h.<\/p>\n<p><strong><img decoding=\"async\" src=\"http:\/\/triatlonaragon.org\/ImageThumbnailUpload\/800\/600\/distancia2.jpg\" alt=\"\" \/>\u00a0Distancias:\u00a0\u00a0<\/strong>ver anexo de\u00a0<a href=\"http:\/\/www.triatlonaragon.org\/files\/DuCrosEscolarSantuarioDeRodanasEpila2024%20Memoria%20T%C3%A9cnica%20V3(1).pdf\" target=\"_blank\" rel=\"noopener\">Memoria T\u00e9cnica<\/a><\/p>\n<p><strong><img decoding=\"async\" src=\"http:\/\/triatlonaragon.org\/ImageThumbnailUpload\/800\/600\/distancia2.jpg\" alt=\"\" \/>\u00a0Categor\u00edas y distancias:<\/strong><\/p>\n<p>10:00h. C\u00e1mara de llamadas y salida Cadete\/Juvenil (nacidos en 2007-2008-2009-2010)<br \/>\n10:45h. C\u00e1mara de llamadas y salida Infantil (nacidos en 2011\u00a0y 2012)<br \/>\n11:30h. C\u00e1mara de llamadas y salida Alev\u00edn (nacidos en 2013\u00a0y 2014)<br \/>\n12:00h. C\u00e1mara de llamadas y salida Benjam\u00edn (nacidos en 2015\u00a0y 2016)<br \/>\n12:30h. C\u00e1mara de llamadas y salida de Iniciaci\u00f3n (nacidos en 2017)<\/p>\n<p>Horarios aproximados (se realizar\u00e1n salidas seg\u00fan finalice la categor\u00eda anterior)<\/p>\n<h2>Informaci\u00f3n detallada<\/h2>\n<p><a href=\"http:\/\/www.triatlonaragon.org\/files\/DuCrosEscolarSantuarioDeRodanasEpila2024%20Memoria%20T%C3%A9cnica%20V3(1).pdf\" target=\"_blank\" rel=\"noopener\"><img decoding=\"async\" src=\"http:\/\/triatlonaragon.org\/ImageThumbnailUpload\/800\/600\/ICOREGLAMENTO.jpg\" alt=\"\" \/><\/a>\u00a0<a href=\"http:\/\/www.triatlonaragon.org\/files\/DuCrosEscolarSantuarioDeRodanasEpila2024%20Memoria%20T%C3%A9cnica%20V3(1).pdf\" target=\"_blank\" rel=\"noopener\">Reglamento<\/a>\u00a0\u00a0 \u00a0 \u00a0<a href=\"http:\/\/www.triatlonaragon.org\/files\/DuCrosEscolarSantuarioDeRodanasEpila2024%20Memoria%20T%C3%A9cnica%20V3(1).pdf\" target=\"_blank\" rel=\"noopener\"><img decoding=\"async\" src=\"http:\/\/triatlonaragon.org\/ImageThumbnailUpload\/800\/600\/ICOCIRCUITOS.jpg\" alt=\"\" \/><\/a>\u00a0<a href=\"http:\/\/www.triatlonaragon.org\/files\/DuCrosEscolarSantuarioDeRodanasEpila2024%20Memoria%20T%C3%A9cnica%20V3(1).pdf\" target=\"_blank\" rel=\"noopener\">C<\/a><a href=\"http:\/\/www.triatlonaragon.org\/files\/DuCrosEscolarSantuarioDeRodanasEpila2024%20Memoria%20T%C3%A9cnica%20V3(1).pdf\" target=\"_blank\" rel=\"noopener\">ircuitos<\/a>\u00a0\u00a0\u00a0 \u00a0\u00a0<a href=\"http:\/\/www.triatlonaragon.org\/files\/DuCrosEscolarSantuarioDeRodanasEpila2024%20Memoria%20T%C3%A9cnica%20V3(1).pdf\" target=\"_blank\" rel=\"noopener\"><img decoding=\"async\" src=\"http:\/\/triatlonaragon.org\/ImageThumbnailUpload\/800\/600\/ICOGUIADEPORTISTAS.jpg\" alt=\"\" \/><\/a>\u00a0<a href=\"http:\/\/www.triatlonaragon.org\/files\/DuCrosEscolarSantuarioDeRodanasEpila2024%20Memoria%20T%C3%A9cnica%20V3(1).pdf\" target=\"_blank\" rel=\"noopener\">Informaci\u00f3n Deportistas<\/a><\/p>\n<h2>Inscripciones<\/h2>\n<p><img decoding=\"async\" src=\"http:\/\/triatlonaragon.org\/ImageThumbnailUpload\/800\/600\/ICOTARJETACREDITO.jpg\" alt=\"\" \/>\u00a0 En esta misma p\u00e1gina web hasta el mi\u00e9rcoles 28\u00a0 de febrero a las 23:59h.<\/p>\n<p><img decoding=\"async\" src=\"http:\/\/triatlonaragon.org\/ImageThumbnailUpload\/800\/600\/ICOPRECIO.jpg\" alt=\"\" \/>\u00a0La inscripci\u00f3n ser\u00e1 GRATUITA para los deportistas federados en triatl\u00f3n y\/o los federados en los Juegos Deportivos de edad escolar del Gobierno de Arag\u00f3n (en la modalidad de Triatl\u00f3n). Solo deben preinscribirse en esta web (sin realizar ning\u00fan pago). El sistema los asignar\u00e1 posteriormente al listado definitivo de inscritos.<\/p>\n<p><img decoding=\"async\" src=\"http:\/\/triatlonaragon.org\/ImageThumbnailUpload\/800\/600\/ICOPRECIO.jpg\" alt=\"\" \/>\u00a03\u20ac para deportistas sin licencia Escolar de Triatl\u00f3n, ni licencia FATRI (se contratar\u00e1 seguro obligatorio de accidentes).<\/p>\n<p><img decoding=\"async\" src=\"http:\/\/triatlonaragon.org\/ImageThumbnailUpload\/800\/600\/ICODEVOLUCION.png\" alt=\"\" \/>\u00a0Anulaciones: inscripciones@triatlonaragon.org<\/p>\n<h3><\/h3>\n<h3><\/h3>\n<figure id=\"attachment_3284\" aria-describedby=\"caption-attachment-3284\" style=\"width: 143px\" class=\"wp-caption aligncenter\"><a href=\"https:\/\/www.amazon.es\/photos\/share\/PKo3BIurL7MfpImMcXSaJdty5L4kpNbFVCuv30184hL\"><img decoding=\"async\" class=\"wp-image-3284\" src=\"https:\/\/epilacorre.com\/wp-content\/uploads\/2022\/03\/89-892702_hand-click-png-288x300.jpg\" alt=\"\" width=\"143\" height=\"149\" srcset=\"https:\/\/epilacorre.com\/wp-content\/uploads\/2022\/03\/89-892702_hand-click-png-288x300.jpg 288w, https:\/\/epilacorre.com\/wp-content\/uploads\/2022\/03\/89-892702_hand-click-png-768x801.jpg 768w, https:\/\/epilacorre.com\/wp-content\/uploads\/2022\/03\/89-892702_hand-click-png-230x240.jpg 230w, https:\/\/epilacorre.com\/wp-content\/uploads\/2022\/03\/89-892702_hand-click-png-350x365.jpg 350w, https:\/\/epilacorre.com\/wp-content\/uploads\/2022\/03\/89-892702_hand-click-png-480x501.jpg 480w, https:\/\/epilacorre.com\/wp-content\/uploads\/2022\/03\/89-892702_hand-click-png.jpg 920w\" sizes=\"(max-width: 143px) 100vw, 143px\" \/><\/a><figcaption id=\"caption-attachment-3284\" class=\"wp-caption-text\">Fotos de la prueba<\/figcaption><\/figure>\n<\/div>\n<\/div>\n","protected":false},"excerpt":{"rendered":"<p>\u203c\ufe0f NOVEDAD \u203c\ufe0f I Duatl\u00f3n escolar Rodanas (Epila) &#8211; 02\/03\/2024 \ud83d\udeb6\u200d\u2640\ufe0f\ud83d\udeb4\ud83d\udeb6\u200d\u2642\ufe0f En 2024 nace una nueva iniciativa desde el club Epilacorre, junto al Ayuntamiento de \u00c9pila, Comarca Valdejal\u00f3n y Federaci\u00f3n&hellip;<\/p>\n","protected":false},"author":2,"featured_media":3824,"comment_status":"open","ping_status":"open","sticky":false,"template":"","format":"standard","meta":{"footnotes":""},"categories":[9],"tags":[],"class_list":["post-3840","post","type-post","status-publish","format-standard","has-post-thumbnail","hentry","category-carreras"],"_links":{"self":[{"href":"https:\/\/epilacorre.com\/index.php\/wp-json\/wp\/v2\/posts\/3840","targetHints":{"allow":["GET"]}}],"collection":[{"href":"https:\/\/epilacorre.com\/index.php\/wp-json\/wp\/v2\/posts"}],"about":[{"href":"https:\/\/epilacorre.com\/index.php\/wp-json\/wp\/v2\/types\/post"}],"author":[{"embeddable":true,"href":"https:\/\/epilacorre.com\/index.php\/wp-json\/wp\/v2\/users\/2"}],"replies":[{"embeddable":true,"href":"https:\/\/epilacorre.com\/index.php\/wp-json\/wp\/v2\/comments?post=3840"}],"version-history":[{"count":6,"href":"https:\/\/epilacorre.com\/index.php\/wp-json\/wp\/v2\/posts\/3840\/revisions"}],"predecessor-version":[{"id":3864,"href":"https:\/\/epilacorre.com\/index.php\/wp-json\/wp\/v2\/posts\/3840\/revisions\/3864"}],"wp:featuredmedia":[{"embeddable":true,"href":"https:\/\/epilacorre.com\/index.php\/wp-json\/wp\/v2\/media\/3824"}],"wp:attachment":[{"href":"https:\/\/epilacorre.com\/index.php\/wp-json\/wp\/v2\/media?parent=3840"}],"wp:term":[{"taxonomy":"category","embeddable":true,"href":"https:\/\/epilacorre.com\/index.php\/wp-json\/wp\/v2\/categories?post=3840"},{"taxonomy":"post_tag","embeddable":true,"href":"https:\/\/epilacorre.com\/index.php\/wp-json\/wp\/v2\/tags?post=3840"}],"curies":[{"name":"wp","href":"https:\/\/api.w.org\/{rel}","templated":true}]}}