{"id":618,"date":"2017-01-26T05:18:53","date_gmt":"2017-01-26T05:18:53","guid":{"rendered":"https:\/\/epilacorre.wordpress.com\/2017\/01\/26\/presentacion-oficial-epilacorre\/"},"modified":"2017-01-26T05:18:53","modified_gmt":"2017-01-26T05:18:53","slug":"presentacion-oficial-epilacorre","status":"publish","type":"post","link":"https:\/\/epilacorre.com\/index.php\/2017\/01\/26\/presentacion-oficial-epilacorre\/","title":{"rendered":"Presentaci\u00f3n oficial Epilacorre\u00a0"},"content":{"rendered":"<p>Este s\u00e1bado d\u00eda 28, a las 19:00 horas, en el Aula Magna de la Universidad Popular de \u00c9pila, ser\u00e1 la presentaci\u00f3n oficial del Club Epilacorre, donde daremos a conocer nuestras inquietudes y motivaciones, por las que se ha creado Epilacorre.Estaremos encantados de contar con vuestra presencia y si os anim\u00e1is pod\u00e1is ser part\u00edcipes de Epilacorre.<br \/>\n\ud83d\ude1c Os esperamos \ud83c\udfc3<a href=\"https:\/\/epilacorre.files.wordpress.com\/2017\/01\/cartel-presentacion-epilacorre.jpg\"><img fetchpriority=\"high\" decoding=\"async\" src=\"https:\/\/epilacorre.files.wordpress.com\/2017\/01\/cartel-presentacion-epilacorre.jpg\" alt=\"\" width=\"596\" height=\"800\" class=\"alignnone size-full wp-image-617\"\/><\/a><\/p>\n","protected":false},"excerpt":{"rendered":"<p>Este s\u00e1bado d\u00eda 28, a las 19:00 horas, en el Aula Magna de la Universidad Popular de \u00c9pila, ser\u00e1 la presentaci\u00f3n oficial del Club Epilacorre, donde daremos a conocer nuestras&hellip;<\/p>\n","protected":false},"author":2,"featured_media":0,"comment_status":"open","ping_status":"open","sticky":false,"template":"","format":"standard","meta":{"footnotes":""},"categories":[4],"tags":[],"class_list":["post-618","post","type-post","status-publish","format-standard","hentry","category-uncategorized"],"_links":{"self":[{"href":"https:\/\/epilacorre.com\/index.php\/wp-json\/wp\/v2\/posts\/618","targetHints":{"allow":["GET"]}}],"collection":[{"href":"https:\/\/epilacorre.com\/index.php\/wp-json\/wp\/v2\/posts"}],"about":[{"href":"https:\/\/epilacorre.com\/index.php\/wp-json\/wp\/v2\/types\/post"}],"author":[{"embeddable":true,"href":"https:\/\/epilacorre.com\/index.php\/wp-json\/wp\/v2\/users\/2"}],"replies":[{"embeddable":true,"href":"https:\/\/epilacorre.com\/index.php\/wp-json\/wp\/v2\/comments?post=618"}],"version-history":[{"count":0,"href":"https:\/\/epilacorre.com\/index.php\/wp-json\/wp\/v2\/posts\/618\/revisions"}],"wp:attachment":[{"href":"https:\/\/epilacorre.com\/index.php\/wp-json\/wp\/v2\/media?parent=618"}],"wp:term":[{"taxonomy":"category","embeddable":true,"href":"https:\/\/epilacorre.com\/index.php\/wp-json\/wp\/v2\/categories?post=618"},{"taxonomy":"post_tag","embeddable":true,"href":"https:\/\/epilacorre.com\/index.php\/wp-json\/wp\/v2\/tags?post=618"}],"curies":[{"name":"wp","href":"https:\/\/api.w.org\/{rel}","templated":true}]}}