{"id":753,"date":"2017-04-24T19:28:18","date_gmt":"2017-04-24T19:28:18","guid":{"rendered":"https:\/\/epilacorre.wordpress.com\/2017\/04\/24\/chema-martinez-y-su-reto-42-contra-1-en-el-maraton-de-madrid\/"},"modified":"2017-04-24T19:28:18","modified_gmt":"2017-04-24T19:28:18","slug":"chema-martinez-y-su-reto-42-contra-1-en-el-maraton-de-madrid","status":"publish","type":"post","link":"https:\/\/epilacorre.com\/index.php\/2017\/04\/24\/chema-martinez-y-su-reto-42-contra-1-en-el-maraton-de-madrid\/","title":{"rendered":"Chema Mart\u00ednez y su reto 42 contra 1 en el marat\u00f3n de Madrid"},"content":{"rendered":"<p>El reto era relevarse entre 42 corredores para seguir el ritmo de la cabeza de carrera&nbsp;<a href=\"https:\/\/epilacorre.files.wordpress.com\/2017\/04\/img_0685.jpg\"><img fetchpriority=\"high\" decoding=\"async\" src=\"https:\/\/epilacorre.files.wordpress.com\/2017\/04\/img_0685.jpg\" alt=\"\" width=\"768\" height=\"392\" class=\"alignnone size-full wp-image-750\"\/><\/a><br \/>\nChema Mart\u00ednez y su reto 42 contra 1 en el marat\u00f3n de Madrid<\/p>\n<p>* \t\tEl objetivo es que los populares se den cuenta del fren\u00e9tico ritmo de carrera que los atletas profesionales<\/p>\n<p>* \t\tLos 42 corredores que formaron el equipo entraron en meta con un tiempo de 2h:10:21<br \/>\nLa mayor\u00eda de vosotros ya conoc\u00edais el reto de Chema Mart\u00ednez de buscar a 42 atletas populares diferentes (no federados) para que fueran haciendo relevos cada kil\u00f3metro del marat\u00f3n de Madrid y que fueran capaces de seguir en su serie el ritmo de la cabeza de carrera. Pues bien, ayer fue el gran d\u00eda. \u00bfQu\u00e9 pas\u00f3? \u00bfPudieron con el ganador de la prueba, el etiope Bonsa Dida?<br \/>\nHombre, lo importante era llegar a la par, y los 42 integrantes del equipo tuvieron que echarle ganas para entrar en la meta del EDP Rock \u2018n\u2019 roll de Madrid en 2h10\u201921\u201d, justo despu\u00e9s de Bonsa Dida, que entr\u00f3 en 2h10\u201916\u201d, seg\u00fan informa el diario deportivo as. Ning\u00fan corredor excepto Arturo Casado (1), Juanma Bell\u00f3n (2) y Juan de la Blanca (42) era federado, todos amateurs.<br \/>\nHubo momentos de alta tensi\u00f3n y el reto pas\u00f3 por kil\u00f3metros complicados. Sobre todo cuando se quedaron entre la cabeza y el primer grupo descolgado, sin referencia alguna, justo despu\u00e9s del kil\u00f3metro 4 de carrera. \u201cYo pens\u00e9 que se me hab\u00eda pasado el relevo, que hab\u00eda doblado, porque la cabeza hab\u00eda pasado hace mucho y no ve\u00eda mi relevo\u201d, cuenta el kil\u00f3metro 7, Rub\u00e9n Mediavilla. La gente se volc\u00f3 con todos los relevistas y no pararon de aplaudirles en todo el recorrido, \u201cson los del relevo, vamoooos\u201d. En el kil\u00f3metro 17, la cabeza ya estaba m\u00e1s cerca, pero a\u00fan lejos. Todav\u00eda quedaba trabajo por hacer y los \u00faltimos relevistas empezaron a ver que se la cosa se pon\u00eda complicada y no era tan sencillo conseguirlo.<\/p>\n<p><a href=\"https:\/\/epilacorre.files.wordpress.com\/2017\/04\/img_0686-1.jpg\"><img decoding=\"async\" src=\"https:\/\/epilacorre.files.wordpress.com\/2017\/04\/img_0686-1.jpg\" alt=\"\" width=\"768\" height=\"392\" class=\"alignnone size-full wp-image-757\"\/><\/a><br \/>\nLa Casa de Campo, la remontada<\/p>\n<p>Aqu\u00ed llega el muro para el com\u00fan de los mortales en esta prueba cuando se corre individualmente. Pero no fue as\u00ed para el reto 42 contra 1. La Casa de Campo supuso la remontada, alcanzando los 27 kms\/h. Con Carlos Figueroa corriendo a 2:51 comenzaron a recortar diferencias. La cabeza ya estaba a tiro de piedra, el sonido inconfundible del helic\u00f3ptero as\u00ed lo dec\u00eda. Llega el relevo de un futbolista, Mateo Bl\u00e1zquez, que corri\u00f3 con el Calder\u00f3n de fondo. A partir del siguiente repecho, ya no dejar\u00edan de correr en cabeza tras el ritmo marcado por el que acabar\u00eda ganando el marat\u00f3n en esta edici\u00f3n.<br \/>\nCuatro kil\u00f3metros para meta<\/p>\n<p>El protagonista del \u00faltimo relevo fue Juan de la Blanca, que pod\u00eda permitirse el lujo hasta de trotar gracias al tremendo esfuerzo que hab\u00edan hecho todos sus compa\u00f1eros en los kil\u00f3metros anteriores. Los 42 contra 1 llegaban sobrados. Entrada triunfal al Retiro con la gente animando desde los laterales del Paseo de Coches: \u201cLo han logrado, lo de los relevos, lo consiguieron\u201d.<br \/>\nPor delante s\u00f3lo hab\u00eda un corredor. Dorsal n\u00famero 10. Bonsa Dida. Cuando entr\u00f3 el reloj marcaba 2h10\u201916\u2019\u2019. El equipo 42 contra 1 entr\u00f3 en meta tan solo cinco segundos despu\u00e9s: 2h10\u201921\u201d.<\/p>\n<p><a href=\"https:\/\/epilacorre.files.wordpress.com\/2017\/04\/img_0687.jpg\"><img decoding=\"async\" src=\"https:\/\/epilacorre.files.wordpress.com\/2017\/04\/img_0687.jpg\" alt=\"\" width=\"768\" height=\"392\" class=\"alignnone size-full wp-image-752\"\/><\/a><br \/>\n\u00bfQui\u00e9n dijo f\u00e1cil?<\/p>\n<p>Este reto no ten\u00eda nada de f\u00e1cil, y \u201csolo\u201d hab\u00eda que ser capaz de mantener el ritmo durante un kil\u00f3metro. Ahora todo el mundo sabe c\u00f3mo corren los profesionales en vivo y en directo. Una magn\u00edfica prueba para darse cuenta de lo que supone ver correr a estas locomotoras humanas y de los ritmos que se llevan en carrera en este tipo de pruebas de 42, 195 kms.<br \/>\n&nbsp; El reto de 42 contra 1 de era sencillo. Una simple pregunta: \u201c\u00bfEres capaz de correr un kil\u00f3metro en menos de 3:04?\u201d. Los que s\u00ed, los que eran capaces, recogieron el guante &nbsp;y lo demostraron en cuatro test que el peri\u00f3dico As hizo en el Retiro, en Las Rozas o Alcobendas. Ayer, quienes la superaron, al fin recibieron sus dorsales. La idea es \u00fanica, pionera: todos amateurs (s\u00f3lo hay tres federados, Arturo Casado, que correr\u00e1 el kil\u00f3metro primero, Juanma Bell\u00f3n y Juan de la Blanca, liebres de las pruebas) correr\u00e1n cada uno un kil\u00f3metro de la EDP Rock\u2019n\u2019Roll Madrid Marat\u00f3n de manera simult\u00e1nea a la cabeza de la prueba. Siempre a un margen, sin entorpecer el desarrollo de \u00e9sta, se ir\u00e1n pasando un testigo y luego, en la meta, los \u00faltimos 195 metros los har\u00e1 Javier S\u00e1nchez, un qu\u00edmico madrile\u00f1o. La organizaci\u00f3n tiene previsto que el grupo de \u00e9lite marche a 3:04 cada parcial de mil metros. Y ese es el ritmo medio al que, ma\u00f1ana, deber\u00e1n correr los 42 relevistas de AS. Casi a 20 kil\u00f3metros por hora.&nbsp;<\/p>\n<p>Valientes.<\/p>\n","protected":false},"excerpt":{"rendered":"<p>El reto era relevarse entre 42 corredores para seguir el ritmo de la cabeza de carrera&nbsp; Chema Mart\u00ednez y su reto 42 contra 1 en el marat\u00f3n de Madrid *&hellip;<\/p>\n","protected":false},"author":2,"featured_media":0,"comment_status":"open","ping_status":"open","sticky":false,"template":"","format":"standard","meta":{"footnotes":""},"categories":[4],"tags":[],"class_list":["post-753","post","type-post","status-publish","format-standard","hentry","category-uncategorized"],"_links":{"self":[{"href":"https:\/\/epilacorre.com\/index.php\/wp-json\/wp\/v2\/posts\/753","targetHints":{"allow":["GET"]}}],"collection":[{"href":"https:\/\/epilacorre.com\/index.php\/wp-json\/wp\/v2\/posts"}],"about":[{"href":"https:\/\/epilacorre.com\/index.php\/wp-json\/wp\/v2\/types\/post"}],"author":[{"embeddable":true,"href":"https:\/\/epilacorre.com\/index.php\/wp-json\/wp\/v2\/users\/2"}],"replies":[{"embeddable":true,"href":"https:\/\/epilacorre.com\/index.php\/wp-json\/wp\/v2\/comments?post=753"}],"version-history":[{"count":0,"href":"https:\/\/epilacorre.com\/index.php\/wp-json\/wp\/v2\/posts\/753\/revisions"}],"wp:attachment":[{"href":"https:\/\/epilacorre.com\/index.php\/wp-json\/wp\/v2\/media?parent=753"}],"wp:term":[{"taxonomy":"category","embeddable":true,"href":"https:\/\/epilacorre.com\/index.php\/wp-json\/wp\/v2\/categories?post=753"},{"taxonomy":"post_tag","embeddable":true,"href":"https:\/\/epilacorre.com\/index.php\/wp-json\/wp\/v2\/tags?post=753"}],"curies":[{"name":"wp","href":"https:\/\/api.w.org\/{rel}","templated":true}]}}